{"id":65507,"date":"2024-05-18T09:50:39","date_gmt":"2024-05-18T07:50:39","guid":{"rendered":"https:\/\/www.centrodeestudiosmicologicosasturianos.org\/?p=65507"},"modified":"2025-01-17T20:33:22","modified_gmt":"2025-01-17T19:33:22","slug":"pertusaria-pertusa-l-tuck","status":"publish","type":"post","link":"https:\/\/www.centrodeestudiosmicologicosasturianos.org\/?p=65507","title":{"rendered":"<h2 style=\"font-style: italic;display:inline;text-transform:none;\">Pertusaria pertusa<\/h2><h4 style=\"font-style: normal;display:inline;\"> (L.) Tuck. <\/h4>"},"content":{"rendered":"<p>\u2261 <i>Lichen pertusus<\/i> L. (bas\u00f3nimo)<br \/>\n*Antiguo camino de Belerda a La Felguerina, (Caso-Asturias), 7-V-2024, a 900 m de altitud, sobre madera indeterminada, (varales de madera cerrando fincas), <i>leg.<\/i> &amp; <i>det.<\/i> M. Gonz\u00e1lez, MGG-109.<\/p>\n<p>*Cabez\u00f3n de la Sal (Cantabria), 12-I-2025, sobre corteza de <i>Fraxinus excelsior.<\/i><\/p>\n<p>Identificado gracias a las claves de BOQUERAS &amp; LLIMONA (2003)<\/p>\n<p><span style=\"font-size: 10pt;\">BOQUERAS M. &amp; LLIMONA, X. (2003). The genus Pertusaria (lichenised ascomycotina) on the Iberian Peninsula and Balearic Islands. I. Subgenus Pertusaria. Mycotaxon 88: 471-492.<\/span><\/p>\n<p>&nbsp;<\/p>\n<div id=\"attachment_65517\" style=\"width: 300px\" class=\"wp-caption alignleft\"><a href=\"https:\/\/www.centrodeestudiosmicologicosasturianos.org\/?attachment_id=65517\" target=\"_blank\" rel=\"attachment noopener wp-att-65517\"><img loading=\"lazy\" decoding=\"async\" aria-describedby=\"caption-attachment-65517\" class=\"wp-image-65517 size-medium\" src=\"https:\/\/www.centrodeestudiosmicologicosasturianos.org\/wp-content\/uploads\/2024\/05\/Pertusaria-pertusa-Belerda-Caso-7-V-2024-varales-madera-1-300x200.jpg\" alt=\"Pertusaria pertusa\" width=\"300\" height=\"200\" srcset=\"https:\/\/www.centrodeestudiosmicologicosasturianos.org\/wp-content\/uploads\/2024\/05\/Pertusaria-pertusa-Belerda-Caso-7-V-2024-varales-madera-1-300x200.jpg 300w, https:\/\/www.centrodeestudiosmicologicosasturianos.org\/wp-content\/uploads\/2024\/05\/Pertusaria-pertusa-Belerda-Caso-7-V-2024-varales-madera-1-1024x683.jpg 1024w, https:\/\/www.centrodeestudiosmicologicosasturianos.org\/wp-content\/uploads\/2024\/05\/Pertusaria-pertusa-Belerda-Caso-7-V-2024-varales-madera-1-768x512.jpg 768w, https:\/\/www.centrodeestudiosmicologicosasturianos.org\/wp-content\/uploads\/2024\/05\/Pertusaria-pertusa-Belerda-Caso-7-V-2024-varales-madera-1-360x240.jpg 360w, https:\/\/www.centrodeestudiosmicologicosasturianos.org\/wp-content\/uploads\/2024\/05\/Pertusaria-pertusa-Belerda-Caso-7-V-2024-varales-madera-1-750x500.jpg 750w, https:\/\/www.centrodeestudiosmicologicosasturianos.org\/wp-content\/uploads\/2024\/05\/Pertusaria-pertusa-Belerda-Caso-7-V-2024-varales-madera-1.jpg 1500w\" sizes=\"auto, (max-width: 300px) 100vw, 300px\" \/><\/a><p id=\"caption-attachment-65517\" class=\"wp-caption-text\">Pertusaria pertusa MGG-109. Foto: Marta Gonz\u00e1lez.<\/p><\/div>\n<div id=\"attachment_65516\" style=\"width: 300px\" class=\"wp-caption alignleft\"><a href=\"https:\/\/www.centrodeestudiosmicologicosasturianos.org\/?attachment_id=65516\" target=\"_blank\" rel=\"attachment noopener wp-att-65516\"><img loading=\"lazy\" decoding=\"async\" aria-describedby=\"caption-attachment-65516\" class=\"wp-image-65516 size-medium\" src=\"https:\/\/www.centrodeestudiosmicologicosasturianos.org\/wp-content\/uploads\/2024\/05\/Pertusaria-pertusa-UV.-Belerda-Caso-7-V-2024-varales-de-madera-300x200.jpg\" alt=\"Pertusaria pertusa\" width=\"300\" height=\"200\" srcset=\"https:\/\/www.centrodeestudiosmicologicosasturianos.org\/wp-content\/uploads\/2024\/05\/Pertusaria-pertusa-UV.-Belerda-Caso-7-V-2024-varales-de-madera-300x200.jpg 300w, https:\/\/www.centrodeestudiosmicologicosasturianos.org\/wp-content\/uploads\/2024\/05\/Pertusaria-pertusa-UV.-Belerda-Caso-7-V-2024-varales-de-madera-1024x683.jpg 1024w, https:\/\/www.centrodeestudiosmicologicosasturianos.org\/wp-content\/uploads\/2024\/05\/Pertusaria-pertusa-UV.-Belerda-Caso-7-V-2024-varales-de-madera-768x512.jpg 768w, https:\/\/www.centrodeestudiosmicologicosasturianos.org\/wp-content\/uploads\/2024\/05\/Pertusaria-pertusa-UV.-Belerda-Caso-7-V-2024-varales-de-madera-360x240.jpg 360w, https:\/\/www.centrodeestudiosmicologicosasturianos.org\/wp-content\/uploads\/2024\/05\/Pertusaria-pertusa-UV.-Belerda-Caso-7-V-2024-varales-de-madera-750x500.jpg 750w, https:\/\/www.centrodeestudiosmicologicosasturianos.org\/wp-content\/uploads\/2024\/05\/Pertusaria-pertusa-UV.-Belerda-Caso-7-V-2024-varales-de-madera.jpg 1500w\" sizes=\"auto, (max-width: 300px) 100vw, 300px\" \/><\/a><p id=\"caption-attachment-65516\" class=\"wp-caption-text\">Pertusaria pertusa MGG-109. UV+ (xantonas). Foto: Marta Gonz\u00e1lez.<\/p><\/div>\n<div id=\"attachment_65515\" style=\"width: 300px\" class=\"wp-caption alignleft\"><a href=\"https:\/\/www.centrodeestudiosmicologicosasturianos.org\/?attachment_id=65515\" target=\"_blank\" rel=\"attachment noopener wp-att-65515\"><img loading=\"lazy\" decoding=\"async\" aria-describedby=\"caption-attachment-65515\" class=\"wp-image-65515 size-medium\" src=\"https:\/\/www.centrodeestudiosmicologicosasturianos.org\/wp-content\/uploads\/2024\/05\/Pertusaria-pertusa-KI-Belerda-Caso-7-V-2024-varales-de-madera-300x199.jpg\" alt=\"Pertusaria pertusa\" width=\"300\" height=\"199\" srcset=\"https:\/\/www.centrodeestudiosmicologicosasturianos.org\/wp-content\/uploads\/2024\/05\/Pertusaria-pertusa-KI-Belerda-Caso-7-V-2024-varales-de-madera-300x199.jpg 300w, https:\/\/www.centrodeestudiosmicologicosasturianos.org\/wp-content\/uploads\/2024\/05\/Pertusaria-pertusa-KI-Belerda-Caso-7-V-2024-varales-de-madera-1024x681.jpg 1024w, https:\/\/www.centrodeestudiosmicologicosasturianos.org\/wp-content\/uploads\/2024\/05\/Pertusaria-pertusa-KI-Belerda-Caso-7-V-2024-varales-de-madera-768x510.jpg 768w, https:\/\/www.centrodeestudiosmicologicosasturianos.org\/wp-content\/uploads\/2024\/05\/Pertusaria-pertusa-KI-Belerda-Caso-7-V-2024-varales-de-madera-360x239.jpg 360w, https:\/\/www.centrodeestudiosmicologicosasturianos.org\/wp-content\/uploads\/2024\/05\/Pertusaria-pertusa-KI-Belerda-Caso-7-V-2024-varales-de-madera-750x499.jpg 750w, https:\/\/www.centrodeestudiosmicologicosasturianos.org\/wp-content\/uploads\/2024\/05\/Pertusaria-pertusa-KI-Belerda-Caso-7-V-2024-varales-de-madera.jpg 1500w\" sizes=\"auto, (max-width: 300px) 100vw, 300px\" \/><\/a><p id=\"caption-attachment-65515\" class=\"wp-caption-text\">Pertusaria pertusa MGG-109. Foto: Marta Gonz\u00e1lez.<\/p><\/div>\n<div id=\"attachment_65519\" style=\"width: 279px\" class=\"wp-caption alignleft\"><a href=\"https:\/\/www.centrodeestudiosmicologicosasturianos.org\/?attachment_id=65519\" target=\"_blank\" rel=\"attachment noopener wp-att-65519\"><img loading=\"lazy\" decoding=\"async\" aria-describedby=\"caption-attachment-65519\" class=\"wp-image-65519 size-medium\" src=\"https:\/\/www.centrodeestudiosmicologicosasturianos.org\/wp-content\/uploads\/2024\/05\/Pertusaria-pertusa.-Espora-x-1000.-Belerda-Caso-varales-de-madera-279x300.jpg\" alt=\"Pertusaria pertusa\" width=\"279\" height=\"300\" srcset=\"https:\/\/www.centrodeestudiosmicologicosasturianos.org\/wp-content\/uploads\/2024\/05\/Pertusaria-pertusa.-Espora-x-1000.-Belerda-Caso-varales-de-madera-279x300.jpg 279w, https:\/\/www.centrodeestudiosmicologicosasturianos.org\/wp-content\/uploads\/2024\/05\/Pertusaria-pertusa.-Espora-x-1000.-Belerda-Caso-varales-de-madera-768x826.jpg 768w, https:\/\/www.centrodeestudiosmicologicosasturianos.org\/wp-content\/uploads\/2024\/05\/Pertusaria-pertusa.-Espora-x-1000.-Belerda-Caso-varales-de-madera-360x387.jpg 360w, https:\/\/www.centrodeestudiosmicologicosasturianos.org\/wp-content\/uploads\/2024\/05\/Pertusaria-pertusa.-Espora-x-1000.-Belerda-Caso-varales-de-madera-750x806.jpg 750w, https:\/\/www.centrodeestudiosmicologicosasturianos.org\/wp-content\/uploads\/2024\/05\/Pertusaria-pertusa.-Espora-x-1000.-Belerda-Caso-varales-de-madera.jpg 930w\" sizes=\"auto, (max-width: 279px) 100vw, 279px\" \/><\/a><p id=\"caption-attachment-65519\" class=\"wp-caption-text\">Pertusaria pertusa MGG-109. Foto: Marta Gonz\u00e1lez.<\/p><\/div>\n<div id=\"attachment_65520\" style=\"width: 300px\" class=\"wp-caption alignleft\"><a href=\"https:\/\/www.centrodeestudiosmicologicosasturianos.org\/?attachment_id=65520\" target=\"_blank\" rel=\"attachment noopener wp-att-65520\"><img loading=\"lazy\" decoding=\"async\" aria-describedby=\"caption-attachment-65520\" class=\"wp-image-65520 size-medium\" src=\"https:\/\/www.centrodeestudiosmicologicosasturianos.org\/wp-content\/uploads\/2024\/05\/Pertusaria-pertusa.-K.-Belerda-Caso-sobre-varales-de-madera-300x198.jpg\" alt=\"Pertusaria pertusa\" width=\"300\" height=\"198\" srcset=\"https:\/\/www.centrodeestudiosmicologicosasturianos.org\/wp-content\/uploads\/2024\/05\/Pertusaria-pertusa.-K.-Belerda-Caso-sobre-varales-de-madera-300x198.jpg 300w, https:\/\/www.centrodeestudiosmicologicosasturianos.org\/wp-content\/uploads\/2024\/05\/Pertusaria-pertusa.-K.-Belerda-Caso-sobre-varales-de-madera-1024x675.jpg 1024w, https:\/\/www.centrodeestudiosmicologicosasturianos.org\/wp-content\/uploads\/2024\/05\/Pertusaria-pertusa.-K.-Belerda-Caso-sobre-varales-de-madera-768x506.jpg 768w, https:\/\/www.centrodeestudiosmicologicosasturianos.org\/wp-content\/uploads\/2024\/05\/Pertusaria-pertusa.-K.-Belerda-Caso-sobre-varales-de-madera-360x237.jpg 360w, https:\/\/www.centrodeestudiosmicologicosasturianos.org\/wp-content\/uploads\/2024\/05\/Pertusaria-pertusa.-K.-Belerda-Caso-sobre-varales-de-madera-750x495.jpg 750w, https:\/\/www.centrodeestudiosmicologicosasturianos.org\/wp-content\/uploads\/2024\/05\/Pertusaria-pertusa.-K.-Belerda-Caso-sobre-varales-de-madera.jpg 1500w\" sizes=\"auto, (max-width: 300px) 100vw, 300px\" \/><\/a><p id=\"caption-attachment-65520\" class=\"wp-caption-text\">Pertusaria pertusa MGG-109. Foto: Marta Gonz\u00e1lez.<\/p><\/div>\n<div id=\"attachment_65525\" style=\"width: 300px\" class=\"wp-caption alignleft\"><a href=\"https:\/\/www.centrodeestudiosmicologicosasturianos.org\/?attachment_id=65525\" target=\"_blank\" rel=\"attachment noopener wp-att-65525\"><img loading=\"lazy\" decoding=\"async\" aria-describedby=\"caption-attachment-65525\" class=\"wp-image-65525 size-medium\" src=\"https:\/\/www.centrodeestudiosmicologicosasturianos.org\/wp-content\/uploads\/2024\/05\/Pertusaria-pertusa.-Belerda-Caso-5-V-2024-varales-2-300x225.jpeg\" alt=\"Pertusaria pertusa\" width=\"300\" height=\"225\" srcset=\"https:\/\/www.centrodeestudiosmicologicosasturianos.org\/wp-content\/uploads\/2024\/05\/Pertusaria-pertusa.-Belerda-Caso-5-V-2024-varales-2-300x225.jpeg 300w, https:\/\/www.centrodeestudiosmicologicosasturianos.org\/wp-content\/uploads\/2024\/05\/Pertusaria-pertusa.-Belerda-Caso-5-V-2024-varales-2-1024x768.jpeg 1024w, https:\/\/www.centrodeestudiosmicologicosasturianos.org\/wp-content\/uploads\/2024\/05\/Pertusaria-pertusa.-Belerda-Caso-5-V-2024-varales-2-768x576.jpeg 768w, https:\/\/www.centrodeestudiosmicologicosasturianos.org\/wp-content\/uploads\/2024\/05\/Pertusaria-pertusa.-Belerda-Caso-5-V-2024-varales-2-1536x1152.jpeg 1536w, https:\/\/www.centrodeestudiosmicologicosasturianos.org\/wp-content\/uploads\/2024\/05\/Pertusaria-pertusa.-Belerda-Caso-5-V-2024-varales-2-360x270.jpeg 360w, https:\/\/www.centrodeestudiosmicologicosasturianos.org\/wp-content\/uploads\/2024\/05\/Pertusaria-pertusa.-Belerda-Caso-5-V-2024-varales-2-750x563.jpeg 750w, https:\/\/www.centrodeestudiosmicologicosasturianos.org\/wp-content\/uploads\/2024\/05\/Pertusaria-pertusa.-Belerda-Caso-5-V-2024-varales-2.jpeg 2000w\" sizes=\"auto, (max-width: 300px) 100vw, 300px\" \/><\/a><p id=\"caption-attachment-65525\" class=\"wp-caption-text\">Pertusaria pertusa MGG-109. Foto: Marta Gonz\u00e1lez.<\/p><\/div>\n<div id=\"attachment_65524\" style=\"width: 300px\" class=\"wp-caption alignleft\"><a href=\"https:\/\/www.centrodeestudiosmicologicosasturianos.org\/?attachment_id=65524\" target=\"_blank\" rel=\"attachment noopener wp-att-65524\"><img loading=\"lazy\" decoding=\"async\" aria-describedby=\"caption-attachment-65524\" class=\"wp-image-65524 size-medium\" src=\"https:\/\/www.centrodeestudiosmicologicosasturianos.org\/wp-content\/uploads\/2024\/05\/Pertusaria-pertusa.-Belerda-Caso-5-V-2024-varales-1-300x225.jpeg\" alt=\"Pertusaria pertusa\" width=\"300\" height=\"225\" srcset=\"https:\/\/www.centrodeestudiosmicologicosasturianos.org\/wp-content\/uploads\/2024\/05\/Pertusaria-pertusa.-Belerda-Caso-5-V-2024-varales-1-300x225.jpeg 300w, https:\/\/www.centrodeestudiosmicologicosasturianos.org\/wp-content\/uploads\/2024\/05\/Pertusaria-pertusa.-Belerda-Caso-5-V-2024-varales-1-1024x768.jpeg 1024w, https:\/\/www.centrodeestudiosmicologicosasturianos.org\/wp-content\/uploads\/2024\/05\/Pertusaria-pertusa.-Belerda-Caso-5-V-2024-varales-1-768x576.jpeg 768w, https:\/\/www.centrodeestudiosmicologicosasturianos.org\/wp-content\/uploads\/2024\/05\/Pertusaria-pertusa.-Belerda-Caso-5-V-2024-varales-1-1536x1152.jpeg 1536w, https:\/\/www.centrodeestudiosmicologicosasturianos.org\/wp-content\/uploads\/2024\/05\/Pertusaria-pertusa.-Belerda-Caso-5-V-2024-varales-1-360x270.jpeg 360w, https:\/\/www.centrodeestudiosmicologicosasturianos.org\/wp-content\/uploads\/2024\/05\/Pertusaria-pertusa.-Belerda-Caso-5-V-2024-varales-1-750x563.jpeg 750w, https:\/\/www.centrodeestudiosmicologicosasturianos.org\/wp-content\/uploads\/2024\/05\/Pertusaria-pertusa.-Belerda-Caso-5-V-2024-varales-1.jpeg 2000w\" sizes=\"auto, (max-width: 300px) 100vw, 300px\" \/><\/a><p id=\"caption-attachment-65524\" class=\"wp-caption-text\">Pertusaria pertusa MGG-109. Foto: Marta Gonz\u00e1lez.<\/p><\/div>\n<div id=\"attachment_69411\" style=\"width: 300px\" class=\"wp-caption alignleft\"><a href=\"https:\/\/www.centrodeestudiosmicologicosasturianos.org\/?attachment_id=69411\" target=\"_blank\" rel=\"attachment noopener wp-att-69411\"><img loading=\"lazy\" decoding=\"async\" aria-describedby=\"caption-attachment-69411\" class=\"wp-image-69411 size-medium\" src=\"https:\/\/www.centrodeestudiosmicologicosasturianos.org\/wp-content\/uploads\/2024\/05\/Pertusaria-pertusa-Carballeda-del-tragamon.-17-I-2025-2-300x199.jpg\" alt=\"Pertusaria pertusa\" width=\"300\" height=\"199\" srcset=\"https:\/\/www.centrodeestudiosmicologicosasturianos.org\/wp-content\/uploads\/2024\/05\/Pertusaria-pertusa-Carballeda-del-tragamon.-17-I-2025-2-300x199.jpg 300w, https:\/\/www.centrodeestudiosmicologicosasturianos.org\/wp-content\/uploads\/2024\/05\/Pertusaria-pertusa-Carballeda-del-tragamon.-17-I-2025-2-1000x665.jpg 1000w, https:\/\/www.centrodeestudiosmicologicosasturianos.org\/wp-content\/uploads\/2024\/05\/Pertusaria-pertusa-Carballeda-del-tragamon.-17-I-2025-2-200x133.jpg 200w, https:\/\/www.centrodeestudiosmicologicosasturianos.org\/wp-content\/uploads\/2024\/05\/Pertusaria-pertusa-Carballeda-del-tragamon.-17-I-2025-2-768x511.jpg 768w, https:\/\/www.centrodeestudiosmicologicosasturianos.org\/wp-content\/uploads\/2024\/05\/Pertusaria-pertusa-Carballeda-del-tragamon.-17-I-2025-2-1536x1021.jpg 1536w, https:\/\/www.centrodeestudiosmicologicosasturianos.org\/wp-content\/uploads\/2024\/05\/Pertusaria-pertusa-Carballeda-del-tragamon.-17-I-2025-2-2048x1362.jpg 2048w, https:\/\/www.centrodeestudiosmicologicosasturianos.org\/wp-content\/uploads\/2024\/05\/Pertusaria-pertusa-Carballeda-del-tragamon.-17-I-2025-2-360x239.jpg 360w, https:\/\/www.centrodeestudiosmicologicosasturianos.org\/wp-content\/uploads\/2024\/05\/Pertusaria-pertusa-Carballeda-del-tragamon.-17-I-2025-2-750x499.jpg 750w\" sizes=\"auto, (max-width: 300px) 100vw, 300px\" \/><\/a><p id=\"caption-attachment-69411\" class=\"wp-caption-text\">Pertusaria pertusa. Foto: Marta Gonz\u00e1lez.<\/p><\/div>\n<div id=\"attachment_69416\" style=\"width: 300px\" class=\"wp-caption aligncenter\"><a href=\"https:\/\/www.centrodeestudiosmicologicosasturianos.org\/?attachment_id=69416\" target=\"_blank\" rel=\"attachment noopener wp-att-69416\"><img loading=\"lazy\" decoding=\"async\" aria-describedby=\"caption-attachment-69416\" class=\"wp-image-69416 size-medium\" src=\"https:\/\/www.centrodeestudiosmicologicosasturianos.org\/wp-content\/uploads\/2024\/05\/Pertusaria-pertusa-Carballeda-del-tragamon.-17-I-2025-8-300x199.jpg\" alt=\"Pertusaria pertusa\" width=\"300\" height=\"199\" srcset=\"https:\/\/www.centrodeestudiosmicologicosasturianos.org\/wp-content\/uploads\/2024\/05\/Pertusaria-pertusa-Carballeda-del-tragamon.-17-I-2025-8-300x199.jpg 300w, https:\/\/www.centrodeestudiosmicologicosasturianos.org\/wp-content\/uploads\/2024\/05\/Pertusaria-pertusa-Carballeda-del-tragamon.-17-I-2025-8-1000x665.jpg 1000w, https:\/\/www.centrodeestudiosmicologicosasturianos.org\/wp-content\/uploads\/2024\/05\/Pertusaria-pertusa-Carballeda-del-tragamon.-17-I-2025-8-200x133.jpg 200w, https:\/\/www.centrodeestudiosmicologicosasturianos.org\/wp-content\/uploads\/2024\/05\/Pertusaria-pertusa-Carballeda-del-tragamon.-17-I-2025-8-768x510.jpg 768w, https:\/\/www.centrodeestudiosmicologicosasturianos.org\/wp-content\/uploads\/2024\/05\/Pertusaria-pertusa-Carballeda-del-tragamon.-17-I-2025-8-1536x1021.jpg 1536w, https:\/\/www.centrodeestudiosmicologicosasturianos.org\/wp-content\/uploads\/2024\/05\/Pertusaria-pertusa-Carballeda-del-tragamon.-17-I-2025-8-2048x1361.jpg 2048w, https:\/\/www.centrodeestudiosmicologicosasturianos.org\/wp-content\/uploads\/2024\/05\/Pertusaria-pertusa-Carballeda-del-tragamon.-17-I-2025-8-360x239.jpg 360w, https:\/\/www.centrodeestudiosmicologicosasturianos.org\/wp-content\/uploads\/2024\/05\/Pertusaria-pertusa-Carballeda-del-tragamon.-17-I-2025-8-750x499.jpg 750w\" sizes=\"auto, (max-width: 300px) 100vw, 300px\" \/><\/a><p id=\"caption-attachment-69416\" class=\"wp-caption-text\">Pertusaria pertusa. Foto: Marta Gonz\u00e1lez.<\/p><\/div>\n<div id=\"attachment_69415\" style=\"width: 300px\" class=\"wp-caption alignleft\"><a href=\"https:\/\/www.centrodeestudiosmicologicosasturianos.org\/?attachment_id=69415\" target=\"_blank\" rel=\"attachment noopener wp-att-69415\"><img loading=\"lazy\" decoding=\"async\" aria-describedby=\"caption-attachment-69415\" class=\"wp-image-69415 size-medium\" src=\"https:\/\/www.centrodeestudiosmicologicosasturianos.org\/wp-content\/uploads\/2024\/05\/Pertusaria-pertusa-Carballeda-del-tragamon.-17-I-2025-7-300x199.jpg\" alt=\"Pertusaria pertusa\" width=\"300\" height=\"199\" srcset=\"https:\/\/www.centrodeestudiosmicologicosasturianos.org\/wp-content\/uploads\/2024\/05\/Pertusaria-pertusa-Carballeda-del-tragamon.-17-I-2025-7-300x199.jpg 300w, https:\/\/www.centrodeestudiosmicologicosasturianos.org\/wp-content\/uploads\/2024\/05\/Pertusaria-pertusa-Carballeda-del-tragamon.-17-I-2025-7-1000x664.jpg 1000w, https:\/\/www.centrodeestudiosmicologicosasturianos.org\/wp-content\/uploads\/2024\/05\/Pertusaria-pertusa-Carballeda-del-tragamon.-17-I-2025-7-200x133.jpg 200w, https:\/\/www.centrodeestudiosmicologicosasturianos.org\/wp-content\/uploads\/2024\/05\/Pertusaria-pertusa-Carballeda-del-tragamon.-17-I-2025-7-768x510.jpg 768w, https:\/\/www.centrodeestudiosmicologicosasturianos.org\/wp-content\/uploads\/2024\/05\/Pertusaria-pertusa-Carballeda-del-tragamon.-17-I-2025-7-1536x1019.jpg 1536w, https:\/\/www.centrodeestudiosmicologicosasturianos.org\/wp-content\/uploads\/2024\/05\/Pertusaria-pertusa-Carballeda-del-tragamon.-17-I-2025-7-2048x1359.jpg 2048w, https:\/\/www.centrodeestudiosmicologicosasturianos.org\/wp-content\/uploads\/2024\/05\/Pertusaria-pertusa-Carballeda-del-tragamon.-17-I-2025-7-360x239.jpg 360w, https:\/\/www.centrodeestudiosmicologicosasturianos.org\/wp-content\/uploads\/2024\/05\/Pertusaria-pertusa-Carballeda-del-tragamon.-17-I-2025-7-750x498.jpg 750w\" sizes=\"auto, (max-width: 300px) 100vw, 300px\" \/><\/a><p id=\"caption-attachment-69415\" class=\"wp-caption-text\">Pertusaria pertusa. Foto: Marta Gonz\u00e1lez.<\/p><\/div>\n<div id=\"attachment_69414\" style=\"width: 300px\" class=\"wp-caption alignleft\"><a href=\"https:\/\/www.centrodeestudiosmicologicosasturianos.org\/?attachment_id=69414\" target=\"_blank\" rel=\"attachment noopener wp-att-69414\"><img loading=\"lazy\" decoding=\"async\" aria-describedby=\"caption-attachment-69414\" class=\"wp-image-69414 size-medium\" src=\"https:\/\/www.centrodeestudiosmicologicosasturianos.org\/wp-content\/uploads\/2024\/05\/Pertusaria-pertusa-Carballeda-del-tragamon.-17-I-2025-5-300x199.jpg\" alt=\"Pertusaria pertusa\" width=\"300\" height=\"199\" srcset=\"https:\/\/www.centrodeestudiosmicologicosasturianos.org\/wp-content\/uploads\/2024\/05\/Pertusaria-pertusa-Carballeda-del-tragamon.-17-I-2025-5-300x199.jpg 300w, https:\/\/www.centrodeestudiosmicologicosasturianos.org\/wp-content\/uploads\/2024\/05\/Pertusaria-pertusa-Carballeda-del-tragamon.-17-I-2025-5-1000x665.jpg 1000w, https:\/\/www.centrodeestudiosmicologicosasturianos.org\/wp-content\/uploads\/2024\/05\/Pertusaria-pertusa-Carballeda-del-tragamon.-17-I-2025-5-200x133.jpg 200w, https:\/\/www.centrodeestudiosmicologicosasturianos.org\/wp-content\/uploads\/2024\/05\/Pertusaria-pertusa-Carballeda-del-tragamon.-17-I-2025-5-768x511.jpg 768w, https:\/\/www.centrodeestudiosmicologicosasturianos.org\/wp-content\/uploads\/2024\/05\/Pertusaria-pertusa-Carballeda-del-tragamon.-17-I-2025-5-1536x1021.jpg 1536w, https:\/\/www.centrodeestudiosmicologicosasturianos.org\/wp-content\/uploads\/2024\/05\/Pertusaria-pertusa-Carballeda-del-tragamon.-17-I-2025-5-2048x1362.jpg 2048w, https:\/\/www.centrodeestudiosmicologicosasturianos.org\/wp-content\/uploads\/2024\/05\/Pertusaria-pertusa-Carballeda-del-tragamon.-17-I-2025-5-360x239.jpg 360w, https:\/\/www.centrodeestudiosmicologicosasturianos.org\/wp-content\/uploads\/2024\/05\/Pertusaria-pertusa-Carballeda-del-tragamon.-17-I-2025-5-750x499.jpg 750w\" sizes=\"auto, (max-width: 300px) 100vw, 300px\" \/><\/a><p id=\"caption-attachment-69414\" class=\"wp-caption-text\">Pertusaria pertusa. Foto: Marta Gonz\u00e1lez.<\/p><\/div>\n<div id=\"attachment_69413\" style=\"width: 300px\" class=\"wp-caption alignleft\"><a href=\"https:\/\/www.centrodeestudiosmicologicosasturianos.org\/?attachment_id=69413\" target=\"_blank\" rel=\"attachment noopener wp-att-69413\"><img loading=\"lazy\" decoding=\"async\" aria-describedby=\"caption-attachment-69413\" class=\"wp-image-69413 size-medium\" src=\"https:\/\/www.centrodeestudiosmicologicosasturianos.org\/wp-content\/uploads\/2024\/05\/Pertusaria-pertusa-Carballeda-del-tragamon.-17-I-2025-4-300x200.jpg\" alt=\"Pertusaria pertusa\" width=\"300\" height=\"200\" srcset=\"https:\/\/www.centrodeestudiosmicologicosasturianos.org\/wp-content\/uploads\/2024\/05\/Pertusaria-pertusa-Carballeda-del-tragamon.-17-I-2025-4-300x200.jpg 300w, https:\/\/www.centrodeestudiosmicologicosasturianos.org\/wp-content\/uploads\/2024\/05\/Pertusaria-pertusa-Carballeda-del-tragamon.-17-I-2025-4-1000x667.jpg 1000w, https:\/\/www.centrodeestudiosmicologicosasturianos.org\/wp-content\/uploads\/2024\/05\/Pertusaria-pertusa-Carballeda-del-tragamon.-17-I-2025-4-200x133.jpg 200w, https:\/\/www.centrodeestudiosmicologicosasturianos.org\/wp-content\/uploads\/2024\/05\/Pertusaria-pertusa-Carballeda-del-tragamon.-17-I-2025-4-768x512.jpg 768w, https:\/\/www.centrodeestudiosmicologicosasturianos.org\/wp-content\/uploads\/2024\/05\/Pertusaria-pertusa-Carballeda-del-tragamon.-17-I-2025-4-1536x1024.jpg 1536w, https:\/\/www.centrodeestudiosmicologicosasturianos.org\/wp-content\/uploads\/2024\/05\/Pertusaria-pertusa-Carballeda-del-tragamon.-17-I-2025-4-2048x1366.jpg 2048w, https:\/\/www.centrodeestudiosmicologicosasturianos.org\/wp-content\/uploads\/2024\/05\/Pertusaria-pertusa-Carballeda-del-tragamon.-17-I-2025-4-360x240.jpg 360w, https:\/\/www.centrodeestudiosmicologicosasturianos.org\/wp-content\/uploads\/2024\/05\/Pertusaria-pertusa-Carballeda-del-tragamon.-17-I-2025-4-750x500.jpg 750w\" sizes=\"auto, (max-width: 300px) 100vw, 300px\" \/><\/a><p id=\"caption-attachment-69413\" class=\"wp-caption-text\">Pertusaria pertusa. Foto: Marta Gonz\u00e1lez.<\/p><\/div>\n<div id=\"attachment_69412\" style=\"width: 300px\" class=\"wp-caption alignleft\"><a href=\"https:\/\/www.centrodeestudiosmicologicosasturianos.org\/?attachment_id=69412\" target=\"_blank\" rel=\"attachment noopener wp-att-69412\"><img loading=\"lazy\" decoding=\"async\" aria-describedby=\"caption-attachment-69412\" class=\"wp-image-69412 size-medium\" src=\"https:\/\/www.centrodeestudiosmicologicosasturianos.org\/wp-content\/uploads\/2024\/05\/Pertusaria-pertusa-Carballeda-del-tragamon.-17-I-2025-3-300x200.jpg\" alt=\"Pertusaria pertusa\" width=\"300\" height=\"200\" srcset=\"https:\/\/www.centrodeestudiosmicologicosasturianos.org\/wp-content\/uploads\/2024\/05\/Pertusaria-pertusa-Carballeda-del-tragamon.-17-I-2025-3-300x200.jpg 300w, https:\/\/www.centrodeestudiosmicologicosasturianos.org\/wp-content\/uploads\/2024\/05\/Pertusaria-pertusa-Carballeda-del-tragamon.-17-I-2025-3-1000x667.jpg 1000w, https:\/\/www.centrodeestudiosmicologicosasturianos.org\/wp-content\/uploads\/2024\/05\/Pertusaria-pertusa-Carballeda-del-tragamon.-17-I-2025-3-200x133.jpg 200w, https:\/\/www.centrodeestudiosmicologicosasturianos.org\/wp-content\/uploads\/2024\/05\/Pertusaria-pertusa-Carballeda-del-tragamon.-17-I-2025-3-768x512.jpg 768w, https:\/\/www.centrodeestudiosmicologicosasturianos.org\/wp-content\/uploads\/2024\/05\/Pertusaria-pertusa-Carballeda-del-tragamon.-17-I-2025-3-1536x1024.jpg 1536w, https:\/\/www.centrodeestudiosmicologicosasturianos.org\/wp-content\/uploads\/2024\/05\/Pertusaria-pertusa-Carballeda-del-tragamon.-17-I-2025-3-2048x1366.jpg 2048w, https:\/\/www.centrodeestudiosmicologicosasturianos.org\/wp-content\/uploads\/2024\/05\/Pertusaria-pertusa-Carballeda-del-tragamon.-17-I-2025-3-360x240.jpg 360w, https:\/\/www.centrodeestudiosmicologicosasturianos.org\/wp-content\/uploads\/2024\/05\/Pertusaria-pertusa-Carballeda-del-tragamon.-17-I-2025-3-750x500.jpg 750w\" sizes=\"auto, (max-width: 300px) 100vw, 300px\" \/><\/a><p id=\"caption-attachment-69412\" class=\"wp-caption-text\">Pertusaria pertusa. Foto: Marta Gonz\u00e1lez.<\/p><\/div>\n","protected":false},"excerpt":{"rendered":"<p>\u2261 Lichen pertusus L. (bas\u00f3nimo) *Antiguo camino de Belerda a La Felguerina, (Caso-Asturias), 7-V-2024, a<\/p>\n","protected":false},"author":4,"featured_media":65518,"comment_status":"closed","ping_status":"closed","sticky":false,"template":"","format":"standard","meta":{"footnotes":""},"categories":[11,2429,3303],"tags":[3304,2304,3512],"class_list":["post-65507","post","type-post","status-publish","format-standard","has-post-thumbnail","hentry","category-ascomycota","category-clase-lecanoromycetes","category-orden-pertusariales","tag-genero-pertusaria","tag-hongos-liquenizados","tag-l-epifitos"],"yoast_head":"<!-- This site is optimized with the Yoast SEO plugin v28.2 - https:\/\/yoast.com\/product\/yoast-seo-wordpress\/ -->\n<title>Pertusaria pertusa (L.) Tuck.  &#8226; CEMAS<\/title>\n<meta name=\"robots\" content=\"index, follow, max-snippet:-1, max-image-preview:large, max-video-preview:-1\" \/>\n<link rel=\"canonical\" href=\"https:\/\/www.centrodeestudiosmicologicosasturianos.org\/?p=65507\" \/>\n<meta property=\"og:locale\" content=\"es_ES\" \/>\n<meta property=\"og:type\" content=\"article\" \/>\n<meta property=\"og:title\" content=\"Pertusaria pertusa (L.) Tuck.  &#8226; CEMAS\" \/>\n<meta property=\"og:description\" content=\"\u2261 Lichen pertusus L. (bas\u00f3nimo) *Antiguo camino de Belerda a La Felguerina, (Caso-Asturias), 7-V-2024, a\" \/>\n<meta property=\"og:url\" content=\"https:\/\/www.centrodeestudiosmicologicosasturianos.org\/?p=65507\" \/>\n<meta property=\"og:site_name\" content=\"CEMAS\" \/>\n<meta property=\"article:publisher\" content=\"https:\/\/www.facebook.com\/Centro-de-estudios-micol%c3%b3gicos-asturianos-1971903719797261\/?modal=admin_todo_tour\" \/>\n<meta property=\"article:published_time\" content=\"2024-05-18T07:50:39+00:00\" \/>\n<meta property=\"article:modified_time\" content=\"2025-01-17T19:33:22+00:00\" \/>\n<meta property=\"og:image\" content=\"https:\/\/www.centrodeestudiosmicologicosasturianos.org\/wp-content\/uploads\/2024\/05\/Pertusaria-pertusa-Belerda-Caso-7-V-2024-varales-madera-2.jpg\" \/>\n\t<meta property=\"og:image:width\" content=\"1500\" \/>\n\t<meta property=\"og:image:height\" content=\"1000\" \/>\n\t<meta property=\"og:image:type\" content=\"image\/jpeg\" \/>\n<meta name=\"author\" content=\"Marta Gonz\u00e1lez Garc\u00eda\" \/>\n<meta name=\"twitter:card\" content=\"summary_large_image\" \/>\n<meta name=\"twitter:label1\" content=\"Escrito por\" \/>\n\t<meta name=\"twitter:data1\" content=\"Marta Gonz\u00e1lez Garc\u00eda\" \/>\n\t<meta name=\"twitter:label2\" content=\"Tiempo de lectura\" \/>\n\t<meta name=\"twitter:data2\" content=\"4 minutos\" \/>\n<script type=\"application\/ld+json\" class=\"yoast-schema-graph\">{\"@context\":\"https:\\\/\\\/schema.org\",\"@graph\":[{\"@type\":\"Article\",\"@id\":\"https:\\\/\\\/www.centrodeestudiosmicologicosasturianos.org\\\/?p=65507#article\",\"isPartOf\":{\"@id\":\"https:\\\/\\\/www.centrodeestudiosmicologicosasturianos.org\\\/?p=65507\"},\"author\":{\"name\":\"Marta Gonz\u00e1lez Garc\u00eda\",\"@id\":\"https:\\\/\\\/www.centrodeestudiosmicologicosasturianos.org\\\/#\\\/schema\\\/person\\\/2597325dde8075da678df9db4eeb3e8c\"},\"headline\":\"Pertusaria pertusa (L.) Tuck.\",\"datePublished\":\"2024-05-18T07:50:39+00:00\",\"dateModified\":\"2025-01-17T19:33:22+00:00\",\"mainEntityOfPage\":{\"@id\":\"https:\\\/\\\/www.centrodeestudiosmicologicosasturianos.org\\\/?p=65507\"},\"wordCount\":259,\"publisher\":{\"@id\":\"https:\\\/\\\/www.centrodeestudiosmicologicosasturianos.org\\\/#organization\"},\"image\":{\"@id\":\"https:\\\/\\\/www.centrodeestudiosmicologicosasturianos.org\\\/?p=65507#primaryimage\"},\"thumbnailUrl\":\"https:\\\/\\\/www.centrodeestudiosmicologicosasturianos.org\\\/wp-content\\\/uploads\\\/2024\\\/05\\\/Pertusaria-pertusa-Belerda-Caso-7-V-2024-varales-madera-2.jpg\",\"keywords\":[\"G\u00e9nero Pertusaria\",\"Hongos liquenizados\",\"L\u00edquenes ep\u00edfitos\"],\"articleSection\":[\"Ascomycota\",\"Clase Lecanoromycetes\",\"Orden Pertusariales\"],\"inLanguage\":\"es\"},{\"@type\":\"WebPage\",\"@id\":\"https:\\\/\\\/www.centrodeestudiosmicologicosasturianos.org\\\/?p=65507\",\"url\":\"https:\\\/\\\/www.centrodeestudiosmicologicosasturianos.org\\\/?p=65507\",\"name\":\"Pertusaria pertusa (L.) Tuck. &#8226; CEMAS\",\"isPartOf\":{\"@id\":\"https:\\\/\\\/www.centrodeestudiosmicologicosasturianos.org\\\/#website\"},\"primaryImageOfPage\":{\"@id\":\"https:\\\/\\\/www.centrodeestudiosmicologicosasturianos.org\\\/?p=65507#primaryimage\"},\"image\":{\"@id\":\"https:\\\/\\\/www.centrodeestudiosmicologicosasturianos.org\\\/?p=65507#primaryimage\"},\"thumbnailUrl\":\"https:\\\/\\\/www.centrodeestudiosmicologicosasturianos.org\\\/wp-content\\\/uploads\\\/2024\\\/05\\\/Pertusaria-pertusa-Belerda-Caso-7-V-2024-varales-madera-2.jpg\",\"datePublished\":\"2024-05-18T07:50:39+00:00\",\"dateModified\":\"2025-01-17T19:33:22+00:00\",\"breadcrumb\":{\"@id\":\"https:\\\/\\\/www.centrodeestudiosmicologicosasturianos.org\\\/?p=65507#breadcrumb\"},\"inLanguage\":\"es\",\"potentialAction\":[{\"@type\":\"ReadAction\",\"target\":[\"https:\\\/\\\/www.centrodeestudiosmicologicosasturianos.org\\\/?p=65507\"]}]},{\"@type\":\"ImageObject\",\"inLanguage\":\"es\",\"@id\":\"https:\\\/\\\/www.centrodeestudiosmicologicosasturianos.org\\\/?p=65507#primaryimage\",\"url\":\"https:\\\/\\\/www.centrodeestudiosmicologicosasturianos.org\\\/wp-content\\\/uploads\\\/2024\\\/05\\\/Pertusaria-pertusa-Belerda-Caso-7-V-2024-varales-madera-2.jpg\",\"contentUrl\":\"https:\\\/\\\/www.centrodeestudiosmicologicosasturianos.org\\\/wp-content\\\/uploads\\\/2024\\\/05\\\/Pertusaria-pertusa-Belerda-Caso-7-V-2024-varales-madera-2.jpg\",\"width\":1500,\"height\":1000,\"caption\":\"Pertusaria pertusa. Foto: Marta Gonz\u00e1lez.\"},{\"@type\":\"BreadcrumbList\",\"@id\":\"https:\\\/\\\/www.centrodeestudiosmicologicosasturianos.org\\\/?p=65507#breadcrumb\",\"itemListElement\":[{\"@type\":\"ListItem\",\"position\":1,\"name\":\"Portada\",\"item\":\"https:\\\/\\\/www.centrodeestudiosmicologicosasturianos.org\\\/\"},{\"@type\":\"ListItem\",\"position\":2,\"name\":\"Pertusaria pertusa (L.) Tuck.\"}]},{\"@type\":\"WebSite\",\"@id\":\"https:\\\/\\\/www.centrodeestudiosmicologicosasturianos.org\\\/#website\",\"url\":\"https:\\\/\\\/www.centrodeestudiosmicologicosasturianos.org\\\/\",\"name\":\"CEMAS\",\"description\":\"Asociaci\u00f3n cultural\",\"publisher\":{\"@id\":\"https:\\\/\\\/www.centrodeestudiosmicologicosasturianos.org\\\/#organization\"},\"potentialAction\":[{\"@type\":\"SearchAction\",\"target\":{\"@type\":\"EntryPoint\",\"urlTemplate\":\"https:\\\/\\\/www.centrodeestudiosmicologicosasturianos.org\\\/?s={search_term_string}\"},\"query-input\":{\"@type\":\"PropertyValueSpecification\",\"valueRequired\":true,\"valueName\":\"search_term_string\"}}],\"inLanguage\":\"es\"},{\"@type\":\"Organization\",\"@id\":\"https:\\\/\\\/www.centrodeestudiosmicologicosasturianos.org\\\/#organization\",\"name\":\"Centro de estudios micol\u00f3gicos asturianos\",\"url\":\"https:\\\/\\\/www.centrodeestudiosmicologicosasturianos.org\\\/\",\"logo\":{\"@type\":\"ImageObject\",\"inLanguage\":\"es\",\"@id\":\"https:\\\/\\\/www.centrodeestudiosmicologicosasturianos.org\\\/#\\\/schema\\\/logo\\\/image\\\/\",\"url\":\"http:\\\/\\\/www.centrodeestudiosmicologicosasturianos.org\\\/wp-content\\\/uploads\\\/2018\\\/05\\\/0011.jpg\",\"contentUrl\":\"http:\\\/\\\/www.centrodeestudiosmicologicosasturianos.org\\\/wp-content\\\/uploads\\\/2018\\\/05\\\/0011.jpg\",\"width\":200,\"height\":133,\"caption\":\"Centro de estudios micol\u00f3gicos asturianos\"},\"image\":{\"@id\":\"https:\\\/\\\/www.centrodeestudiosmicologicosasturianos.org\\\/#\\\/schema\\\/logo\\\/image\\\/\"},\"sameAs\":[\"https:\\\/\\\/www.facebook.com\\\/Centro-de-estudios-micol\u00f3gicos-asturianos-1971903719797261\\\/?modal=admin_todo_tour\",\"https:\\\/\\\/www.youtube.com\\\/channel\\\/UCYK4Yp2SmHbBgJd2LJXmMeg?view_as=subscriber\"]},{\"@type\":\"Person\",\"@id\":\"https:\\\/\\\/www.centrodeestudiosmicologicosasturianos.org\\\/#\\\/schema\\\/person\\\/2597325dde8075da678df9db4eeb3e8c\",\"name\":\"Marta Gonz\u00e1lez Garc\u00eda\",\"image\":{\"@type\":\"ImageObject\",\"inLanguage\":\"es\",\"@id\":\"https:\\\/\\\/secure.gravatar.com\\\/avatar\\\/27f20f8de853699569d12e9b0b7abca0262231d6c623c9116a9a276923353603?s=96&d=mm&r=g\",\"url\":\"https:\\\/\\\/secure.gravatar.com\\\/avatar\\\/27f20f8de853699569d12e9b0b7abca0262231d6c623c9116a9a276923353603?s=96&d=mm&r=g\",\"contentUrl\":\"https:\\\/\\\/secure.gravatar.com\\\/avatar\\\/27f20f8de853699569d12e9b0b7abca0262231d6c623c9116a9a276923353603?s=96&d=mm&r=g\",\"caption\":\"Marta Gonz\u00e1lez Garc\u00eda\"},\"url\":\"https:\\\/\\\/www.centrodeestudiosmicologicosasturianos.org\\\/?author=4\"}]}<\/script>\n<!-- \/ Yoast SEO plugin. -->","yoast_head_json":{"title":"Pertusaria pertusa (L.) Tuck.  &#8226; CEMAS","robots":{"index":"index","follow":"follow","max-snippet":"max-snippet:-1","max-image-preview":"max-image-preview:large","max-video-preview":"max-video-preview:-1"},"canonical":"https:\/\/www.centrodeestudiosmicologicosasturianos.org\/?p=65507","og_locale":"es_ES","og_type":"article","og_title":"Pertusaria pertusa (L.) Tuck.  &#8226; CEMAS","og_description":"\u2261 Lichen pertusus L. (bas\u00f3nimo) *Antiguo camino de Belerda a La Felguerina, (Caso-Asturias), 7-V-2024, a","og_url":"https:\/\/www.centrodeestudiosmicologicosasturianos.org\/?p=65507","og_site_name":"CEMAS","article_publisher":"https:\/\/www.facebook.com\/Centro-de-estudios-micol%c3%b3gicos-asturianos-1971903719797261\/?modal=admin_todo_tour","article_published_time":"2024-05-18T07:50:39+00:00","article_modified_time":"2025-01-17T19:33:22+00:00","og_image":[{"width":1500,"height":1000,"url":"https:\/\/www.centrodeestudiosmicologicosasturianos.org\/wp-content\/uploads\/2024\/05\/Pertusaria-pertusa-Belerda-Caso-7-V-2024-varales-madera-2.jpg","type":"image\/jpeg"}],"author":"Marta Gonz\u00e1lez Garc\u00eda","twitter_card":"summary_large_image","twitter_misc":{"Escrito por":"Marta Gonz\u00e1lez Garc\u00eda","Tiempo de lectura":"4 minutos"},"schema":{"@context":"https:\/\/schema.org","@graph":[{"@type":"Article","@id":"https:\/\/www.centrodeestudiosmicologicosasturianos.org\/?p=65507#article","isPartOf":{"@id":"https:\/\/www.centrodeestudiosmicologicosasturianos.org\/?p=65507"},"author":{"name":"Marta Gonz\u00e1lez Garc\u00eda","@id":"https:\/\/www.centrodeestudiosmicologicosasturianos.org\/#\/schema\/person\/2597325dde8075da678df9db4eeb3e8c"},"headline":"Pertusaria pertusa (L.) Tuck.","datePublished":"2024-05-18T07:50:39+00:00","dateModified":"2025-01-17T19:33:22+00:00","mainEntityOfPage":{"@id":"https:\/\/www.centrodeestudiosmicologicosasturianos.org\/?p=65507"},"wordCount":259,"publisher":{"@id":"https:\/\/www.centrodeestudiosmicologicosasturianos.org\/#organization"},"image":{"@id":"https:\/\/www.centrodeestudiosmicologicosasturianos.org\/?p=65507#primaryimage"},"thumbnailUrl":"https:\/\/www.centrodeestudiosmicologicosasturianos.org\/wp-content\/uploads\/2024\/05\/Pertusaria-pertusa-Belerda-Caso-7-V-2024-varales-madera-2.jpg","keywords":["G\u00e9nero Pertusaria","Hongos liquenizados","L\u00edquenes ep\u00edfitos"],"articleSection":["Ascomycota","Clase Lecanoromycetes","Orden Pertusariales"],"inLanguage":"es"},{"@type":"WebPage","@id":"https:\/\/www.centrodeestudiosmicologicosasturianos.org\/?p=65507","url":"https:\/\/www.centrodeestudiosmicologicosasturianos.org\/?p=65507","name":"Pertusaria pertusa (L.) Tuck. &#8226; CEMAS","isPartOf":{"@id":"https:\/\/www.centrodeestudiosmicologicosasturianos.org\/#website"},"primaryImageOfPage":{"@id":"https:\/\/www.centrodeestudiosmicologicosasturianos.org\/?p=65507#primaryimage"},"image":{"@id":"https:\/\/www.centrodeestudiosmicologicosasturianos.org\/?p=65507#primaryimage"},"thumbnailUrl":"https:\/\/www.centrodeestudiosmicologicosasturianos.org\/wp-content\/uploads\/2024\/05\/Pertusaria-pertusa-Belerda-Caso-7-V-2024-varales-madera-2.jpg","datePublished":"2024-05-18T07:50:39+00:00","dateModified":"2025-01-17T19:33:22+00:00","breadcrumb":{"@id":"https:\/\/www.centrodeestudiosmicologicosasturianos.org\/?p=65507#breadcrumb"},"inLanguage":"es","potentialAction":[{"@type":"ReadAction","target":["https:\/\/www.centrodeestudiosmicologicosasturianos.org\/?p=65507"]}]},{"@type":"ImageObject","inLanguage":"es","@id":"https:\/\/www.centrodeestudiosmicologicosasturianos.org\/?p=65507#primaryimage","url":"https:\/\/www.centrodeestudiosmicologicosasturianos.org\/wp-content\/uploads\/2024\/05\/Pertusaria-pertusa-Belerda-Caso-7-V-2024-varales-madera-2.jpg","contentUrl":"https:\/\/www.centrodeestudiosmicologicosasturianos.org\/wp-content\/uploads\/2024\/05\/Pertusaria-pertusa-Belerda-Caso-7-V-2024-varales-madera-2.jpg","width":1500,"height":1000,"caption":"Pertusaria pertusa. Foto: Marta Gonz\u00e1lez."},{"@type":"BreadcrumbList","@id":"https:\/\/www.centrodeestudiosmicologicosasturianos.org\/?p=65507#breadcrumb","itemListElement":[{"@type":"ListItem","position":1,"name":"Portada","item":"https:\/\/www.centrodeestudiosmicologicosasturianos.org\/"},{"@type":"ListItem","position":2,"name":"Pertusaria pertusa (L.) Tuck."}]},{"@type":"WebSite","@id":"https:\/\/www.centrodeestudiosmicologicosasturianos.org\/#website","url":"https:\/\/www.centrodeestudiosmicologicosasturianos.org\/","name":"CEMAS","description":"Asociaci\u00f3n cultural","publisher":{"@id":"https:\/\/www.centrodeestudiosmicologicosasturianos.org\/#organization"},"potentialAction":[{"@type":"SearchAction","target":{"@type":"EntryPoint","urlTemplate":"https:\/\/www.centrodeestudiosmicologicosasturianos.org\/?s={search_term_string}"},"query-input":{"@type":"PropertyValueSpecification","valueRequired":true,"valueName":"search_term_string"}}],"inLanguage":"es"},{"@type":"Organization","@id":"https:\/\/www.centrodeestudiosmicologicosasturianos.org\/#organization","name":"Centro de estudios micol\u00f3gicos asturianos","url":"https:\/\/www.centrodeestudiosmicologicosasturianos.org\/","logo":{"@type":"ImageObject","inLanguage":"es","@id":"https:\/\/www.centrodeestudiosmicologicosasturianos.org\/#\/schema\/logo\/image\/","url":"http:\/\/www.centrodeestudiosmicologicosasturianos.org\/wp-content\/uploads\/2018\/05\/0011.jpg","contentUrl":"http:\/\/www.centrodeestudiosmicologicosasturianos.org\/wp-content\/uploads\/2018\/05\/0011.jpg","width":200,"height":133,"caption":"Centro de estudios micol\u00f3gicos asturianos"},"image":{"@id":"https:\/\/www.centrodeestudiosmicologicosasturianos.org\/#\/schema\/logo\/image\/"},"sameAs":["https:\/\/www.facebook.com\/Centro-de-estudios-micol\u00f3gicos-asturianos-1971903719797261\/?modal=admin_todo_tour","https:\/\/www.youtube.com\/channel\/UCYK4Yp2SmHbBgJd2LJXmMeg?view_as=subscriber"]},{"@type":"Person","@id":"https:\/\/www.centrodeestudiosmicologicosasturianos.org\/#\/schema\/person\/2597325dde8075da678df9db4eeb3e8c","name":"Marta Gonz\u00e1lez Garc\u00eda","image":{"@type":"ImageObject","inLanguage":"es","@id":"https:\/\/secure.gravatar.com\/avatar\/27f20f8de853699569d12e9b0b7abca0262231d6c623c9116a9a276923353603?s=96&d=mm&r=g","url":"https:\/\/secure.gravatar.com\/avatar\/27f20f8de853699569d12e9b0b7abca0262231d6c623c9116a9a276923353603?s=96&d=mm&r=g","contentUrl":"https:\/\/secure.gravatar.com\/avatar\/27f20f8de853699569d12e9b0b7abca0262231d6c623c9116a9a276923353603?s=96&d=mm&r=g","caption":"Marta Gonz\u00e1lez Garc\u00eda"},"url":"https:\/\/www.centrodeestudiosmicologicosasturianos.org\/?author=4"}]}},"_links":{"self":[{"href":"https:\/\/www.centrodeestudiosmicologicosasturianos.org\/index.php?rest_route=\/wp\/v2\/posts\/65507","targetHints":{"allow":["GET"]}}],"collection":[{"href":"https:\/\/www.centrodeestudiosmicologicosasturianos.org\/index.php?rest_route=\/wp\/v2\/posts"}],"about":[{"href":"https:\/\/www.centrodeestudiosmicologicosasturianos.org\/index.php?rest_route=\/wp\/v2\/types\/post"}],"author":[{"embeddable":true,"href":"https:\/\/www.centrodeestudiosmicologicosasturianos.org\/index.php?rest_route=\/wp\/v2\/users\/4"}],"replies":[{"embeddable":true,"href":"https:\/\/www.centrodeestudiosmicologicosasturianos.org\/index.php?rest_route=%2Fwp%2Fv2%2Fcomments&post=65507"}],"version-history":[{"count":0,"href":"https:\/\/www.centrodeestudiosmicologicosasturianos.org\/index.php?rest_route=\/wp\/v2\/posts\/65507\/revisions"}],"wp:featuredmedia":[{"embeddable":true,"href":"https:\/\/www.centrodeestudiosmicologicosasturianos.org\/index.php?rest_route=\/wp\/v2\/media\/65518"}],"wp:attachment":[{"href":"https:\/\/www.centrodeestudiosmicologicosasturianos.org\/index.php?rest_route=%2Fwp%2Fv2%2Fmedia&parent=65507"}],"wp:term":[{"taxonomy":"category","embeddable":true,"href":"https:\/\/www.centrodeestudiosmicologicosasturianos.org\/index.php?rest_route=%2Fwp%2Fv2%2Fcategories&post=65507"},{"taxonomy":"post_tag","embeddable":true,"href":"https:\/\/www.centrodeestudiosmicologicosasturianos.org\/index.php?rest_route=%2Fwp%2Fv2%2Ftags&post=65507"}],"curies":[{"name":"wp","href":"https:\/\/api.w.org\/{rel}","templated":true}]}}