{"id":62342,"date":"2024-05-18T13:15:15","date_gmt":"2024-05-18T11:15:15","guid":{"rendered":"https:\/\/www.centrodeestudiosmicologicosasturianos.org\/?p=62342"},"modified":"2025-05-21T22:51:02","modified_gmt":"2025-05-21T20:51:02","slug":"pulverulina-praticola-kuyper-arnolds-p-j-keizer-chalange-p-a-moreau","status":"publish","type":"post","link":"https:\/\/www.centrodeestudiosmicologicosasturianos.org\/?p=62342","title":{"rendered":"<h2 style=\"font-style: italic;display:inline;text-transform:none;\"> Pulverulina praticola <\/h2><h4 style=\"font-style: normal;display:inline;\"> (Kuyper, Arnolds &#038; P.-J. Keizer) Chalange &#038; P.-A. Moreau <\/h4>"},"content":{"rendered":"<p><i>\u2261 Omphalina praticola<\/i> Kuyper, Arnolds &amp; P.-J. Keizer (bas\u00f3nimo).<\/p>\n<p>Olleros de Alba (Le\u00f3n), 17-VI-2023, en pradera xer\u00f3fila calc\u00e1rea, <i>leg. <\/i>Antonio Couceiro<i>, <i>det. <\/i><\/i>E. Rubio<i><i>, <\/i><\/i>ERD-9856.<\/p>\n<p>Secuencia nrDNA: <a href=\"https:\/\/www.centrodeestudiosmicologicosasturianos.org\/?attachment_id=62357\">ERD-9856 (ITS)<\/a><\/p>\n<p>Accesi\u00f3n a Genbank: <a href=\"https:\/\/www.ncbi.nlm.nih.gov\/nuccore\/OR708695\">OR708695<\/a><\/p>\n<p>&nbsp;<\/p>\n<div id=\"attachment_62343\" style=\"width: 353px\" class=\"wp-caption aligncenter\"><a href=\"https:\/\/www.centrodeestudiosmicologicosasturianos.org\/?attachment_id=62343\" target=\"_blank\" rel=\"attachment noopener wp-att-62343\"><img loading=\"lazy\" decoding=\"async\" aria-describedby=\"caption-attachment-62343\" class=\"wp-image-62343\" src=\"https:\/\/www.centrodeestudiosmicologicosasturianos.org\/wp-content\/uploads\/2023\/10\/Pulverulina-praticola-ERD-9856.-Esporas-x-1.000.-Olleros-de-Alba-Leon-1-VI-2023-suelo-herboso-300x200.jpg\" alt=\"\" width=\"353\" height=\"235\" srcset=\"https:\/\/www.centrodeestudiosmicologicosasturianos.org\/wp-content\/uploads\/2023\/10\/Pulverulina-praticola-ERD-9856.-Esporas-x-1.000.-Olleros-de-Alba-Leon-1-VI-2023-suelo-herboso-300x200.jpg 300w, https:\/\/www.centrodeestudiosmicologicosasturianos.org\/wp-content\/uploads\/2023\/10\/Pulverulina-praticola-ERD-9856.-Esporas-x-1.000.-Olleros-de-Alba-Leon-1-VI-2023-suelo-herboso-768x511.jpg 768w, https:\/\/www.centrodeestudiosmicologicosasturianos.org\/wp-content\/uploads\/2023\/10\/Pulverulina-praticola-ERD-9856.-Esporas-x-1.000.-Olleros-de-Alba-Leon-1-VI-2023-suelo-herboso-360x239.jpg 360w, https:\/\/www.centrodeestudiosmicologicosasturianos.org\/wp-content\/uploads\/2023\/10\/Pulverulina-praticola-ERD-9856.-Esporas-x-1.000.-Olleros-de-Alba-Leon-1-VI-2023-suelo-herboso-750x499.jpg 750w, https:\/\/www.centrodeestudiosmicologicosasturianos.org\/wp-content\/uploads\/2023\/10\/Pulverulina-praticola-ERD-9856.-Esporas-x-1.000.-Olleros-de-Alba-Leon-1-VI-2023-suelo-herboso.jpg 827w\" sizes=\"auto, (max-width: 353px) 100vw, 353px\" \/><\/a><p id=\"caption-attachment-62343\" class=\"wp-caption-text\">Pulverulina praticola ERD-9856. Esporas x 1.000. Foto: Enrique Rubio.<\/p><\/div>\n<div id=\"attachment_62344\" style=\"width: 298px\" class=\"wp-caption alignleft\"><a href=\"https:\/\/www.centrodeestudiosmicologicosasturianos.org\/?attachment_id=62344\" target=\"_blank\" rel=\"attachment noopener wp-att-62344\"><img loading=\"lazy\" decoding=\"async\" aria-describedby=\"caption-attachment-62344\" class=\"wp-image-62344 size-medium\" src=\"https:\/\/www.centrodeestudiosmicologicosasturianos.org\/wp-content\/uploads\/2023\/10\/Pulverulina-praticola-ERD-9856.-Micrografia.-Olleros-de-Alba-Leon-1-VI-2023-suelo-herboso-298x300.jpg\" alt=\"\" width=\"298\" height=\"300\" srcset=\"https:\/\/www.centrodeestudiosmicologicosasturianos.org\/wp-content\/uploads\/2023\/10\/Pulverulina-praticola-ERD-9856.-Micrografia.-Olleros-de-Alba-Leon-1-VI-2023-suelo-herboso-298x300.jpg 298w, https:\/\/www.centrodeestudiosmicologicosasturianos.org\/wp-content\/uploads\/2023\/10\/Pulverulina-praticola-ERD-9856.-Micrografia.-Olleros-de-Alba-Leon-1-VI-2023-suelo-herboso-1016x1024.jpg 1016w, https:\/\/www.centrodeestudiosmicologicosasturianos.org\/wp-content\/uploads\/2023\/10\/Pulverulina-praticola-ERD-9856.-Micrografia.-Olleros-de-Alba-Leon-1-VI-2023-suelo-herboso-100x100.jpg 100w, https:\/\/www.centrodeestudiosmicologicosasturianos.org\/wp-content\/uploads\/2023\/10\/Pulverulina-praticola-ERD-9856.-Micrografia.-Olleros-de-Alba-Leon-1-VI-2023-suelo-herboso-768x774.jpg 768w, https:\/\/www.centrodeestudiosmicologicosasturianos.org\/wp-content\/uploads\/2023\/10\/Pulverulina-praticola-ERD-9856.-Micrografia.-Olleros-de-Alba-Leon-1-VI-2023-suelo-herboso-360x363.jpg 360w, https:\/\/www.centrodeestudiosmicologicosasturianos.org\/wp-content\/uploads\/2023\/10\/Pulverulina-praticola-ERD-9856.-Micrografia.-Olleros-de-Alba-Leon-1-VI-2023-suelo-herboso-750x756.jpg 750w, https:\/\/www.centrodeestudiosmicologicosasturianos.org\/wp-content\/uploads\/2023\/10\/Pulverulina-praticola-ERD-9856.-Micrografia.-Olleros-de-Alba-Leon-1-VI-2023-suelo-herboso-60x60.jpg 60w, https:\/\/www.centrodeestudiosmicologicosasturianos.org\/wp-content\/uploads\/2023\/10\/Pulverulina-praticola-ERD-9856.-Micrografia.-Olleros-de-Alba-Leon-1-VI-2023-suelo-herboso-200x200.jpg 200w, https:\/\/www.centrodeestudiosmicologicosasturianos.org\/wp-content\/uploads\/2023\/10\/Pulverulina-praticola-ERD-9856.-Micrografia.-Olleros-de-Alba-Leon-1-VI-2023-suelo-herboso.jpg 1417w\" sizes=\"auto, (max-width: 298px) 100vw, 298px\" \/><\/a><p id=\"caption-attachment-62344\" class=\"wp-caption-text\">Pulverulina praticola ERD-9856. Foto: Enrique Rubio.<\/p><\/div>\n<div id=\"attachment_62345\" style=\"width: 344px\" class=\"wp-caption alignleft\"><a href=\"https:\/\/www.centrodeestudiosmicologicosasturianos.org\/?attachment_id=62345\" target=\"_blank\" rel=\"attachment noopener wp-att-62345\"><img loading=\"lazy\" decoding=\"async\" aria-describedby=\"caption-attachment-62345\" class=\"wp-image-62345\" src=\"https:\/\/www.centrodeestudiosmicologicosasturianos.org\/wp-content\/uploads\/2023\/10\/Pulverulina-praticola-ERD-9856.-Pileipellis.-Olleros-de-Alba-Leon-1-VI-2023-suelo-herboso-300x257.jpg\" alt=\"\" width=\"344\" height=\"295\" srcset=\"https:\/\/www.centrodeestudiosmicologicosasturianos.org\/wp-content\/uploads\/2023\/10\/Pulverulina-praticola-ERD-9856.-Pileipellis.-Olleros-de-Alba-Leon-1-VI-2023-suelo-herboso-300x257.jpg 300w, https:\/\/www.centrodeestudiosmicologicosasturianos.org\/wp-content\/uploads\/2023\/10\/Pulverulina-praticola-ERD-9856.-Pileipellis.-Olleros-de-Alba-Leon-1-VI-2023-suelo-herboso-1024x877.jpg 1024w, https:\/\/www.centrodeestudiosmicologicosasturianos.org\/wp-content\/uploads\/2023\/10\/Pulverulina-praticola-ERD-9856.-Pileipellis.-Olleros-de-Alba-Leon-1-VI-2023-suelo-herboso-768x657.jpg 768w, https:\/\/www.centrodeestudiosmicologicosasturianos.org\/wp-content\/uploads\/2023\/10\/Pulverulina-praticola-ERD-9856.-Pileipellis.-Olleros-de-Alba-Leon-1-VI-2023-suelo-herboso-360x308.jpg 360w, https:\/\/www.centrodeestudiosmicologicosasturianos.org\/wp-content\/uploads\/2023\/10\/Pulverulina-praticola-ERD-9856.-Pileipellis.-Olleros-de-Alba-Leon-1-VI-2023-suelo-herboso-750x642.jpg 750w, https:\/\/www.centrodeestudiosmicologicosasturianos.org\/wp-content\/uploads\/2023\/10\/Pulverulina-praticola-ERD-9856.-Pileipellis.-Olleros-de-Alba-Leon-1-VI-2023-suelo-herboso.jpg 1417w\" sizes=\"auto, (max-width: 344px) 100vw, 344px\" \/><\/a><p id=\"caption-attachment-62345\" class=\"wp-caption-text\">Pulverulina praticola ERD-9856. Pileipellis. Foto: Enrique Rubio.<\/p><\/div>\n","protected":false},"excerpt":{"rendered":"<p>\u2261 Omphalina praticola Kuyper, Arnolds &amp; P.-J. Keizer (bas\u00f3nimo). Olleros de Alba (Le\u00f3n), 17-VI-2023, en<\/p>\n","protected":false},"author":2,"featured_media":62346,"comment_status":"closed","ping_status":"closed","sticky":false,"template":"","format":"standard","meta":{"footnotes":""},"categories":[21,2438,2268,25],"tags":[2978,3180],"class_list":["post-62342","post","type-post","status-publish","format-standard","has-post-thumbnail","hentry","category-basidiomycota","category-clase-agaricomycetes","category-nuevo-registro-para-el-catalogo-nacional","category-orden-agaricales","tag-genero-omphalina","tag-hongos-praticolas"],"yoast_head":"<!-- This site is optimized with the Yoast SEO plugin v28.2 - https:\/\/yoast.com\/product\/yoast-seo-wordpress\/ -->\n<title>Pulverulina praticola  (Kuyper, Arnolds &amp; P.-J. Keizer) Chalange &amp; P.-A. Moreau  &#8226; CEMAS<\/title>\n<meta name=\"robots\" content=\"index, follow, max-snippet:-1, max-image-preview:large, max-video-preview:-1\" \/>\n<link rel=\"canonical\" href=\"https:\/\/www.centrodeestudiosmicologicosasturianos.org\/?p=62342\" \/>\n<meta property=\"og:locale\" content=\"es_ES\" \/>\n<meta property=\"og:type\" content=\"article\" \/>\n<meta property=\"og:title\" content=\"Pulverulina praticola  (Kuyper, Arnolds &amp; P.-J. Keizer) Chalange &amp; P.-A. Moreau  &#8226; CEMAS\" \/>\n<meta property=\"og:description\" content=\"\u2261 Omphalina praticola Kuyper, Arnolds &amp; P.-J. Keizer (bas\u00f3nimo). Olleros de Alba (Le\u00f3n), 17-VI-2023, en\" \/>\n<meta property=\"og:url\" content=\"https:\/\/www.centrodeestudiosmicologicosasturianos.org\/?p=62342\" \/>\n<meta property=\"og:site_name\" content=\"CEMAS\" \/>\n<meta property=\"article:publisher\" content=\"https:\/\/www.facebook.com\/Centro-de-estudios-micol%c3%b3gicos-asturianos-1971903719797261\/?modal=admin_todo_tour\" \/>\n<meta property=\"article:published_time\" content=\"2024-05-18T11:15:15+00:00\" \/>\n<meta property=\"article:modified_time\" content=\"2025-05-21T20:51:02+00:00\" \/>\n<meta property=\"og:image\" content=\"https:\/\/www.centrodeestudiosmicologicosasturianos.org\/wp-content\/uploads\/2023\/10\/Pulverulina-praticola-ERD-9856.-Olleros-de-Alba-Leon-1-VI-2023-suelo-herboso.-Foto-A.-Couceiro-5.jpg\" \/>\n\t<meta property=\"og:image:width\" content=\"567\" \/>\n\t<meta property=\"og:image:height\" content=\"425\" \/>\n\t<meta property=\"og:image:type\" content=\"image\/jpeg\" \/>\n<meta name=\"author\" content=\"Enrique Rubio Dom\u00ednguez\" \/>\n<meta name=\"twitter:card\" content=\"summary_large_image\" \/>\n<meta name=\"twitter:label1\" content=\"Escrito por\" \/>\n\t<meta name=\"twitter:data1\" content=\"Enrique Rubio Dom\u00ednguez\" \/>\n\t<meta name=\"twitter:label2\" content=\"Tiempo de lectura\" \/>\n\t<meta name=\"twitter:data2\" content=\"2 minutos\" \/>\n<script type=\"application\/ld+json\" class=\"yoast-schema-graph\">{\"@context\":\"https:\\\/\\\/schema.org\",\"@graph\":[{\"@type\":\"Article\",\"@id\":\"https:\\\/\\\/www.centrodeestudiosmicologicosasturianos.org\\\/?p=62342#article\",\"isPartOf\":{\"@id\":\"https:\\\/\\\/www.centrodeestudiosmicologicosasturianos.org\\\/?p=62342\"},\"author\":{\"name\":\"Enrique Rubio Dom\u00ednguez\",\"@id\":\"https:\\\/\\\/www.centrodeestudiosmicologicosasturianos.org\\\/#\\\/schema\\\/person\\\/eb578bfc3200c2f01f538f9dc92acd9d\"},\"headline\":\"Pulverulina praticola (Kuyper, Arnolds &#038; P.-J. Keizer) Chalange &#038; P.-A. Moreau\",\"datePublished\":\"2024-05-18T11:15:15+00:00\",\"dateModified\":\"2025-05-21T20:51:02+00:00\",\"mainEntityOfPage\":{\"@id\":\"https:\\\/\\\/www.centrodeestudiosmicologicosasturianos.org\\\/?p=62342\"},\"wordCount\":92,\"publisher\":{\"@id\":\"https:\\\/\\\/www.centrodeestudiosmicologicosasturianos.org\\\/#organization\"},\"image\":{\"@id\":\"https:\\\/\\\/www.centrodeestudiosmicologicosasturianos.org\\\/?p=62342#primaryimage\"},\"thumbnailUrl\":\"https:\\\/\\\/www.centrodeestudiosmicologicosasturianos.org\\\/wp-content\\\/uploads\\\/2023\\\/10\\\/Pulverulina-praticola-ERD-9856.-Olleros-de-Alba-Leon-1-VI-2023-suelo-herboso.-Foto-A.-Couceiro-5.jpg\",\"keywords\":[\"G\u00e9nero Omphalina\",\"Hongos prat\u00edcolas\"],\"articleSection\":[\"Basidiomycota\",\"Clase Agaricomycetes\",\"Nuevo registro para el Cat\u00e1logo nacional\",\"Orden Agaricales\"],\"inLanguage\":\"es\"},{\"@type\":\"WebPage\",\"@id\":\"https:\\\/\\\/www.centrodeestudiosmicologicosasturianos.org\\\/?p=62342\",\"url\":\"https:\\\/\\\/www.centrodeestudiosmicologicosasturianos.org\\\/?p=62342\",\"name\":\"Pulverulina praticola (Kuyper, Arnolds & P.-J. Keizer) Chalange & P.-A. Moreau &#8226; CEMAS\",\"isPartOf\":{\"@id\":\"https:\\\/\\\/www.centrodeestudiosmicologicosasturianos.org\\\/#website\"},\"primaryImageOfPage\":{\"@id\":\"https:\\\/\\\/www.centrodeestudiosmicologicosasturianos.org\\\/?p=62342#primaryimage\"},\"image\":{\"@id\":\"https:\\\/\\\/www.centrodeestudiosmicologicosasturianos.org\\\/?p=62342#primaryimage\"},\"thumbnailUrl\":\"https:\\\/\\\/www.centrodeestudiosmicologicosasturianos.org\\\/wp-content\\\/uploads\\\/2023\\\/10\\\/Pulverulina-praticola-ERD-9856.-Olleros-de-Alba-Leon-1-VI-2023-suelo-herboso.-Foto-A.-Couceiro-5.jpg\",\"datePublished\":\"2024-05-18T11:15:15+00:00\",\"dateModified\":\"2025-05-21T20:51:02+00:00\",\"breadcrumb\":{\"@id\":\"https:\\\/\\\/www.centrodeestudiosmicologicosasturianos.org\\\/?p=62342#breadcrumb\"},\"inLanguage\":\"es\",\"potentialAction\":[{\"@type\":\"ReadAction\",\"target\":[\"https:\\\/\\\/www.centrodeestudiosmicologicosasturianos.org\\\/?p=62342\"]}]},{\"@type\":\"ImageObject\",\"inLanguage\":\"es\",\"@id\":\"https:\\\/\\\/www.centrodeestudiosmicologicosasturianos.org\\\/?p=62342#primaryimage\",\"url\":\"https:\\\/\\\/www.centrodeestudiosmicologicosasturianos.org\\\/wp-content\\\/uploads\\\/2023\\\/10\\\/Pulverulina-praticola-ERD-9856.-Olleros-de-Alba-Leon-1-VI-2023-suelo-herboso.-Foto-A.-Couceiro-5.jpg\",\"contentUrl\":\"https:\\\/\\\/www.centrodeestudiosmicologicosasturianos.org\\\/wp-content\\\/uploads\\\/2023\\\/10\\\/Pulverulina-praticola-ERD-9856.-Olleros-de-Alba-Leon-1-VI-2023-suelo-herboso.-Foto-A.-Couceiro-5.jpg\",\"width\":567,\"height\":425,\"caption\":\"Pulverulina praticola ERD-9856 . Foto: Antonio Couceiro.\"},{\"@type\":\"BreadcrumbList\",\"@id\":\"https:\\\/\\\/www.centrodeestudiosmicologicosasturianos.org\\\/?p=62342#breadcrumb\",\"itemListElement\":[{\"@type\":\"ListItem\",\"position\":1,\"name\":\"Portada\",\"item\":\"https:\\\/\\\/www.centrodeestudiosmicologicosasturianos.org\\\/\"},{\"@type\":\"ListItem\",\"position\":2,\"name\":\"Pulverulina praticola (Kuyper, Arnolds &#038; P.-J. Keizer) Chalange &#038; P.-A. Moreau\"}]},{\"@type\":\"WebSite\",\"@id\":\"https:\\\/\\\/www.centrodeestudiosmicologicosasturianos.org\\\/#website\",\"url\":\"https:\\\/\\\/www.centrodeestudiosmicologicosasturianos.org\\\/\",\"name\":\"CEMAS\",\"description\":\"Asociaci\u00f3n cultural\",\"publisher\":{\"@id\":\"https:\\\/\\\/www.centrodeestudiosmicologicosasturianos.org\\\/#organization\"},\"potentialAction\":[{\"@type\":\"SearchAction\",\"target\":{\"@type\":\"EntryPoint\",\"urlTemplate\":\"https:\\\/\\\/www.centrodeestudiosmicologicosasturianos.org\\\/?s={search_term_string}\"},\"query-input\":{\"@type\":\"PropertyValueSpecification\",\"valueRequired\":true,\"valueName\":\"search_term_string\"}}],\"inLanguage\":\"es\"},{\"@type\":\"Organization\",\"@id\":\"https:\\\/\\\/www.centrodeestudiosmicologicosasturianos.org\\\/#organization\",\"name\":\"Centro de estudios micol\u00f3gicos asturianos\",\"url\":\"https:\\\/\\\/www.centrodeestudiosmicologicosasturianos.org\\\/\",\"logo\":{\"@type\":\"ImageObject\",\"inLanguage\":\"es\",\"@id\":\"https:\\\/\\\/www.centrodeestudiosmicologicosasturianos.org\\\/#\\\/schema\\\/logo\\\/image\\\/\",\"url\":\"http:\\\/\\\/www.centrodeestudiosmicologicosasturianos.org\\\/wp-content\\\/uploads\\\/2018\\\/05\\\/0011.jpg\",\"contentUrl\":\"http:\\\/\\\/www.centrodeestudiosmicologicosasturianos.org\\\/wp-content\\\/uploads\\\/2018\\\/05\\\/0011.jpg\",\"width\":200,\"height\":133,\"caption\":\"Centro de estudios micol\u00f3gicos asturianos\"},\"image\":{\"@id\":\"https:\\\/\\\/www.centrodeestudiosmicologicosasturianos.org\\\/#\\\/schema\\\/logo\\\/image\\\/\"},\"sameAs\":[\"https:\\\/\\\/www.facebook.com\\\/Centro-de-estudios-micol\u00f3gicos-asturianos-1971903719797261\\\/?modal=admin_todo_tour\",\"https:\\\/\\\/www.youtube.com\\\/channel\\\/UCYK4Yp2SmHbBgJd2LJXmMeg?view_as=subscriber\"]},{\"@type\":\"Person\",\"@id\":\"https:\\\/\\\/www.centrodeestudiosmicologicosasturianos.org\\\/#\\\/schema\\\/person\\\/eb578bfc3200c2f01f538f9dc92acd9d\",\"name\":\"Enrique Rubio Dom\u00ednguez\",\"image\":{\"@type\":\"ImageObject\",\"inLanguage\":\"es\",\"@id\":\"https:\\\/\\\/secure.gravatar.com\\\/avatar\\\/1ca1846e3e1ed6b75443dc30a68a965f4f489959e8569da444d43bf8140688a8?s=96&d=mm&r=g\",\"url\":\"https:\\\/\\\/secure.gravatar.com\\\/avatar\\\/1ca1846e3e1ed6b75443dc30a68a965f4f489959e8569da444d43bf8140688a8?s=96&d=mm&r=g\",\"contentUrl\":\"https:\\\/\\\/secure.gravatar.com\\\/avatar\\\/1ca1846e3e1ed6b75443dc30a68a965f4f489959e8569da444d43bf8140688a8?s=96&d=mm&r=g\",\"caption\":\"Enrique Rubio Dom\u00ednguez\"},\"url\":\"https:\\\/\\\/www.centrodeestudiosmicologicosasturianos.org\\\/?author=2\"}]}<\/script>\n<!-- \/ Yoast SEO plugin. -->","yoast_head_json":{"title":"Pulverulina praticola  (Kuyper, Arnolds & P.-J. Keizer) Chalange & P.-A. Moreau  &#8226; CEMAS","robots":{"index":"index","follow":"follow","max-snippet":"max-snippet:-1","max-image-preview":"max-image-preview:large","max-video-preview":"max-video-preview:-1"},"canonical":"https:\/\/www.centrodeestudiosmicologicosasturianos.org\/?p=62342","og_locale":"es_ES","og_type":"article","og_title":"Pulverulina praticola  (Kuyper, Arnolds & P.-J. Keizer) Chalange & P.-A. Moreau  &#8226; CEMAS","og_description":"\u2261 Omphalina praticola Kuyper, Arnolds &amp; P.-J. Keizer (bas\u00f3nimo). Olleros de Alba (Le\u00f3n), 17-VI-2023, en","og_url":"https:\/\/www.centrodeestudiosmicologicosasturianos.org\/?p=62342","og_site_name":"CEMAS","article_publisher":"https:\/\/www.facebook.com\/Centro-de-estudios-micol%c3%b3gicos-asturianos-1971903719797261\/?modal=admin_todo_tour","article_published_time":"2024-05-18T11:15:15+00:00","article_modified_time":"2025-05-21T20:51:02+00:00","og_image":[{"width":567,"height":425,"url":"https:\/\/www.centrodeestudiosmicologicosasturianos.org\/wp-content\/uploads\/2023\/10\/Pulverulina-praticola-ERD-9856.-Olleros-de-Alba-Leon-1-VI-2023-suelo-herboso.-Foto-A.-Couceiro-5.jpg","type":"image\/jpeg"}],"author":"Enrique Rubio Dom\u00ednguez","twitter_card":"summary_large_image","twitter_misc":{"Escrito por":"Enrique Rubio Dom\u00ednguez","Tiempo de lectura":"2 minutos"},"schema":{"@context":"https:\/\/schema.org","@graph":[{"@type":"Article","@id":"https:\/\/www.centrodeestudiosmicologicosasturianos.org\/?p=62342#article","isPartOf":{"@id":"https:\/\/www.centrodeestudiosmicologicosasturianos.org\/?p=62342"},"author":{"name":"Enrique Rubio Dom\u00ednguez","@id":"https:\/\/www.centrodeestudiosmicologicosasturianos.org\/#\/schema\/person\/eb578bfc3200c2f01f538f9dc92acd9d"},"headline":"Pulverulina praticola (Kuyper, Arnolds &#038; P.-J. Keizer) Chalange &#038; P.-A. Moreau","datePublished":"2024-05-18T11:15:15+00:00","dateModified":"2025-05-21T20:51:02+00:00","mainEntityOfPage":{"@id":"https:\/\/www.centrodeestudiosmicologicosasturianos.org\/?p=62342"},"wordCount":92,"publisher":{"@id":"https:\/\/www.centrodeestudiosmicologicosasturianos.org\/#organization"},"image":{"@id":"https:\/\/www.centrodeestudiosmicologicosasturianos.org\/?p=62342#primaryimage"},"thumbnailUrl":"https:\/\/www.centrodeestudiosmicologicosasturianos.org\/wp-content\/uploads\/2023\/10\/Pulverulina-praticola-ERD-9856.-Olleros-de-Alba-Leon-1-VI-2023-suelo-herboso.-Foto-A.-Couceiro-5.jpg","keywords":["G\u00e9nero Omphalina","Hongos prat\u00edcolas"],"articleSection":["Basidiomycota","Clase Agaricomycetes","Nuevo registro para el Cat\u00e1logo nacional","Orden Agaricales"],"inLanguage":"es"},{"@type":"WebPage","@id":"https:\/\/www.centrodeestudiosmicologicosasturianos.org\/?p=62342","url":"https:\/\/www.centrodeestudiosmicologicosasturianos.org\/?p=62342","name":"Pulverulina praticola (Kuyper, Arnolds & P.-J. Keizer) Chalange & P.-A. Moreau &#8226; CEMAS","isPartOf":{"@id":"https:\/\/www.centrodeestudiosmicologicosasturianos.org\/#website"},"primaryImageOfPage":{"@id":"https:\/\/www.centrodeestudiosmicologicosasturianos.org\/?p=62342#primaryimage"},"image":{"@id":"https:\/\/www.centrodeestudiosmicologicosasturianos.org\/?p=62342#primaryimage"},"thumbnailUrl":"https:\/\/www.centrodeestudiosmicologicosasturianos.org\/wp-content\/uploads\/2023\/10\/Pulverulina-praticola-ERD-9856.-Olleros-de-Alba-Leon-1-VI-2023-suelo-herboso.-Foto-A.-Couceiro-5.jpg","datePublished":"2024-05-18T11:15:15+00:00","dateModified":"2025-05-21T20:51:02+00:00","breadcrumb":{"@id":"https:\/\/www.centrodeestudiosmicologicosasturianos.org\/?p=62342#breadcrumb"},"inLanguage":"es","potentialAction":[{"@type":"ReadAction","target":["https:\/\/www.centrodeestudiosmicologicosasturianos.org\/?p=62342"]}]},{"@type":"ImageObject","inLanguage":"es","@id":"https:\/\/www.centrodeestudiosmicologicosasturianos.org\/?p=62342#primaryimage","url":"https:\/\/www.centrodeestudiosmicologicosasturianos.org\/wp-content\/uploads\/2023\/10\/Pulverulina-praticola-ERD-9856.-Olleros-de-Alba-Leon-1-VI-2023-suelo-herboso.-Foto-A.-Couceiro-5.jpg","contentUrl":"https:\/\/www.centrodeestudiosmicologicosasturianos.org\/wp-content\/uploads\/2023\/10\/Pulverulina-praticola-ERD-9856.-Olleros-de-Alba-Leon-1-VI-2023-suelo-herboso.-Foto-A.-Couceiro-5.jpg","width":567,"height":425,"caption":"Pulverulina praticola ERD-9856 . Foto: Antonio Couceiro."},{"@type":"BreadcrumbList","@id":"https:\/\/www.centrodeestudiosmicologicosasturianos.org\/?p=62342#breadcrumb","itemListElement":[{"@type":"ListItem","position":1,"name":"Portada","item":"https:\/\/www.centrodeestudiosmicologicosasturianos.org\/"},{"@type":"ListItem","position":2,"name":"Pulverulina praticola (Kuyper, Arnolds &#038; P.-J. Keizer) Chalange &#038; P.-A. Moreau"}]},{"@type":"WebSite","@id":"https:\/\/www.centrodeestudiosmicologicosasturianos.org\/#website","url":"https:\/\/www.centrodeestudiosmicologicosasturianos.org\/","name":"CEMAS","description":"Asociaci\u00f3n cultural","publisher":{"@id":"https:\/\/www.centrodeestudiosmicologicosasturianos.org\/#organization"},"potentialAction":[{"@type":"SearchAction","target":{"@type":"EntryPoint","urlTemplate":"https:\/\/www.centrodeestudiosmicologicosasturianos.org\/?s={search_term_string}"},"query-input":{"@type":"PropertyValueSpecification","valueRequired":true,"valueName":"search_term_string"}}],"inLanguage":"es"},{"@type":"Organization","@id":"https:\/\/www.centrodeestudiosmicologicosasturianos.org\/#organization","name":"Centro de estudios micol\u00f3gicos asturianos","url":"https:\/\/www.centrodeestudiosmicologicosasturianos.org\/","logo":{"@type":"ImageObject","inLanguage":"es","@id":"https:\/\/www.centrodeestudiosmicologicosasturianos.org\/#\/schema\/logo\/image\/","url":"http:\/\/www.centrodeestudiosmicologicosasturianos.org\/wp-content\/uploads\/2018\/05\/0011.jpg","contentUrl":"http:\/\/www.centrodeestudiosmicologicosasturianos.org\/wp-content\/uploads\/2018\/05\/0011.jpg","width":200,"height":133,"caption":"Centro de estudios micol\u00f3gicos asturianos"},"image":{"@id":"https:\/\/www.centrodeestudiosmicologicosasturianos.org\/#\/schema\/logo\/image\/"},"sameAs":["https:\/\/www.facebook.com\/Centro-de-estudios-micol\u00f3gicos-asturianos-1971903719797261\/?modal=admin_todo_tour","https:\/\/www.youtube.com\/channel\/UCYK4Yp2SmHbBgJd2LJXmMeg?view_as=subscriber"]},{"@type":"Person","@id":"https:\/\/www.centrodeestudiosmicologicosasturianos.org\/#\/schema\/person\/eb578bfc3200c2f01f538f9dc92acd9d","name":"Enrique Rubio Dom\u00ednguez","image":{"@type":"ImageObject","inLanguage":"es","@id":"https:\/\/secure.gravatar.com\/avatar\/1ca1846e3e1ed6b75443dc30a68a965f4f489959e8569da444d43bf8140688a8?s=96&d=mm&r=g","url":"https:\/\/secure.gravatar.com\/avatar\/1ca1846e3e1ed6b75443dc30a68a965f4f489959e8569da444d43bf8140688a8?s=96&d=mm&r=g","contentUrl":"https:\/\/secure.gravatar.com\/avatar\/1ca1846e3e1ed6b75443dc30a68a965f4f489959e8569da444d43bf8140688a8?s=96&d=mm&r=g","caption":"Enrique Rubio Dom\u00ednguez"},"url":"https:\/\/www.centrodeestudiosmicologicosasturianos.org\/?author=2"}]}},"_links":{"self":[{"href":"https:\/\/www.centrodeestudiosmicologicosasturianos.org\/index.php?rest_route=\/wp\/v2\/posts\/62342","targetHints":{"allow":["GET"]}}],"collection":[{"href":"https:\/\/www.centrodeestudiosmicologicosasturianos.org\/index.php?rest_route=\/wp\/v2\/posts"}],"about":[{"href":"https:\/\/www.centrodeestudiosmicologicosasturianos.org\/index.php?rest_route=\/wp\/v2\/types\/post"}],"author":[{"embeddable":true,"href":"https:\/\/www.centrodeestudiosmicologicosasturianos.org\/index.php?rest_route=\/wp\/v2\/users\/2"}],"replies":[{"embeddable":true,"href":"https:\/\/www.centrodeestudiosmicologicosasturianos.org\/index.php?rest_route=%2Fwp%2Fv2%2Fcomments&post=62342"}],"version-history":[{"count":0,"href":"https:\/\/www.centrodeestudiosmicologicosasturianos.org\/index.php?rest_route=\/wp\/v2\/posts\/62342\/revisions"}],"wp:featuredmedia":[{"embeddable":true,"href":"https:\/\/www.centrodeestudiosmicologicosasturianos.org\/index.php?rest_route=\/wp\/v2\/media\/62346"}],"wp:attachment":[{"href":"https:\/\/www.centrodeestudiosmicologicosasturianos.org\/index.php?rest_route=%2Fwp%2Fv2%2Fmedia&parent=62342"}],"wp:term":[{"taxonomy":"category","embeddable":true,"href":"https:\/\/www.centrodeestudiosmicologicosasturianos.org\/index.php?rest_route=%2Fwp%2Fv2%2Fcategories&post=62342"},{"taxonomy":"post_tag","embeddable":true,"href":"https:\/\/www.centrodeestudiosmicologicosasturianos.org\/index.php?rest_route=%2Fwp%2Fv2%2Ftags&post=62342"}],"curies":[{"name":"wp","href":"https:\/\/api.w.org\/{rel}","templated":true}]}}