{"id":48360,"date":"2022-03-10T19:14:51","date_gmt":"2022-03-10T18:14:51","guid":{"rendered":"https:\/\/www.centrodeestudiosmicologicosasturianos.org\/?p=48360"},"modified":"2022-03-10T20:56:00","modified_gmt":"2022-03-10T19:56:00","slug":"disciotis-venosa-pers-boud","status":"publish","type":"post","link":"https:\/\/www.centrodeestudiosmicologicosasturianos.org\/?p=48360","title":{"rendered":"<h2 style=\"font-style: italic;display:inline;text-transform:none;\"> Disciotis venosa <\/h2><h4 style=\"font-style: normal;display:inline;\"> (Pers.) Boud. <\/h4>"},"content":{"rendered":"<ul>\n<li>Santiago (Somiedo-Asturias), 2-IV-2016, suelo de bosque de ribera.<\/li>\n<li>Covadonga (Cangas de On\u00eds-Asturias), 3-III-2007, suelo de bosque mixto de planifolios (\u00bfforma?).<\/li>\n<li>Jard\u00edn Bot\u00e1nico Atl\u00e1ntico (Gij\u00f3n-Asturias), 5-III-2022, suelo h\u00famedo de bosque de ribera (\u00bfforma?).<\/li>\n<\/ul>\n<div id=\"attachment_48361\" style=\"width: 351px\" class=\"wp-caption alignleft\"><a href=\"https:\/\/www.centrodeestudiosmicologicosasturianos.org\/?attachment_id=48361\" target=\"_blank\" rel=\"attachment noopener wp-att-48361\"><img loading=\"lazy\" decoding=\"async\" aria-describedby=\"caption-attachment-48361\" class=\"wp-image-48361 \" src=\"https:\/\/www.centrodeestudiosmicologicosasturianos.org\/wp-content\/uploads\/2022\/03\/Disciotis-venosa.-Santiago-Somiedo-2-IV-2016-bosue-de-ribera-300x199.jpg\" alt=\"\" width=\"351\" height=\"233\" srcset=\"https:\/\/www.centrodeestudiosmicologicosasturianos.org\/wp-content\/uploads\/2022\/03\/Disciotis-venosa.-Santiago-Somiedo-2-IV-2016-bosue-de-ribera-300x199.jpg 300w, https:\/\/www.centrodeestudiosmicologicosasturianos.org\/wp-content\/uploads\/2022\/03\/Disciotis-venosa.-Santiago-Somiedo-2-IV-2016-bosue-de-ribera-1024x681.jpg 1024w, https:\/\/www.centrodeestudiosmicologicosasturianos.org\/wp-content\/uploads\/2022\/03\/Disciotis-venosa.-Santiago-Somiedo-2-IV-2016-bosue-de-ribera-768x511.jpg 768w, https:\/\/www.centrodeestudiosmicologicosasturianos.org\/wp-content\/uploads\/2022\/03\/Disciotis-venosa.-Santiago-Somiedo-2-IV-2016-bosue-de-ribera-1536x1021.jpg 1536w, https:\/\/www.centrodeestudiosmicologicosasturianos.org\/wp-content\/uploads\/2022\/03\/Disciotis-venosa.-Santiago-Somiedo-2-IV-2016-bosue-de-ribera-360x239.jpg 360w, https:\/\/www.centrodeestudiosmicologicosasturianos.org\/wp-content\/uploads\/2022\/03\/Disciotis-venosa.-Santiago-Somiedo-2-IV-2016-bosue-de-ribera-750x499.jpg 750w, https:\/\/www.centrodeestudiosmicologicosasturianos.org\/wp-content\/uploads\/2022\/03\/Disciotis-venosa.-Santiago-Somiedo-2-IV-2016-bosue-de-ribera.jpg 1984w\" sizes=\"auto, (max-width: 351px) 100vw, 351px\" \/><\/a><p id=\"caption-attachment-48361\" class=\"wp-caption-text\">Disciotis venosa. Santiago (Somiedo-Asturias), 2-IV-2016, bosque de ribera. Foto: Enrique Rubio.<\/p><\/div>\n<div id=\"attachment_48363\" style=\"width: 345px\" class=\"wp-caption alignright\"><a href=\"https:\/\/www.centrodeestudiosmicologicosasturianos.org\/?attachment_id=48363\" target=\"_blank\" rel=\"attachment noopener wp-att-48363\"><img loading=\"lazy\" decoding=\"async\" aria-describedby=\"caption-attachment-48363\" class=\"wp-image-48363 \" src=\"https:\/\/www.centrodeestudiosmicologicosasturianos.org\/wp-content\/uploads\/2022\/03\/Disciotis-venosa-estadio-juvenil.-Covadonga-3-III-2007-suelo-de-bosque-mixto-de-planifolios-300x199.jpg\" alt=\"\" width=\"345\" height=\"229\" srcset=\"https:\/\/www.centrodeestudiosmicologicosasturianos.org\/wp-content\/uploads\/2022\/03\/Disciotis-venosa-estadio-juvenil.-Covadonga-3-III-2007-suelo-de-bosque-mixto-de-planifolios-300x199.jpg 300w, https:\/\/www.centrodeestudiosmicologicosasturianos.org\/wp-content\/uploads\/2022\/03\/Disciotis-venosa-estadio-juvenil.-Covadonga-3-III-2007-suelo-de-bosque-mixto-de-planifolios-768x510.jpg 768w, https:\/\/www.centrodeestudiosmicologicosasturianos.org\/wp-content\/uploads\/2022\/03\/Disciotis-venosa-estadio-juvenil.-Covadonga-3-III-2007-suelo-de-bosque-mixto-de-planifolios-360x239.jpg 360w, https:\/\/www.centrodeestudiosmicologicosasturianos.org\/wp-content\/uploads\/2022\/03\/Disciotis-venosa-estadio-juvenil.-Covadonga-3-III-2007-suelo-de-bosque-mixto-de-planifolios-750x498.jpg 750w, https:\/\/www.centrodeestudiosmicologicosasturianos.org\/wp-content\/uploads\/2022\/03\/Disciotis-venosa-estadio-juvenil.-Covadonga-3-III-2007-suelo-de-bosque-mixto-de-planifolios.jpg 945w\" sizes=\"auto, (max-width: 345px) 100vw, 345px\" \/><\/a><p id=\"caption-attachment-48363\" class=\"wp-caption-text\">Disciotis venosa. Covadonga (Cangas de On\u00eds-Asturias), 3-III-2007, suelo de bosque mixto de planifolios. Foto: Enrique Rubio.<\/p><\/div>\n<div id=\"attachment_48364\" style=\"width: 300px\" class=\"wp-caption alignleft\"><a href=\"https:\/\/www.centrodeestudiosmicologicosasturianos.org\/?attachment_id=48364\" target=\"_blank\" rel=\"attachment noopener wp-att-48364\"><img loading=\"lazy\" decoding=\"async\" aria-describedby=\"caption-attachment-48364\" class=\"wp-image-48364 size-medium\" src=\"https:\/\/www.centrodeestudiosmicologicosasturianos.org\/wp-content\/uploads\/2022\/03\/Discotis-venosa-ERD-9287.-Jardin-Botanico-Atlantico-Gijon-5-III-2022-suelo-humedo-de-ribera-300x200.jpg\" alt=\"\" width=\"300\" height=\"200\" srcset=\"https:\/\/www.centrodeestudiosmicologicosasturianos.org\/wp-content\/uploads\/2022\/03\/Discotis-venosa-ERD-9287.-Jardin-Botanico-Atlantico-Gijon-5-III-2022-suelo-humedo-de-ribera-300x200.jpg 300w, https:\/\/www.centrodeestudiosmicologicosasturianos.org\/wp-content\/uploads\/2022\/03\/Discotis-venosa-ERD-9287.-Jardin-Botanico-Atlantico-Gijon-5-III-2022-suelo-humedo-de-ribera-768x512.jpg 768w, https:\/\/www.centrodeestudiosmicologicosasturianos.org\/wp-content\/uploads\/2022\/03\/Discotis-venosa-ERD-9287.-Jardin-Botanico-Atlantico-Gijon-5-III-2022-suelo-humedo-de-ribera-360x240.jpg 360w, https:\/\/www.centrodeestudiosmicologicosasturianos.org\/wp-content\/uploads\/2022\/03\/Discotis-venosa-ERD-9287.-Jardin-Botanico-Atlantico-Gijon-5-III-2022-suelo-humedo-de-ribera-750x500.jpg 750w, https:\/\/www.centrodeestudiosmicologicosasturianos.org\/wp-content\/uploads\/2022\/03\/Discotis-venosa-ERD-9287.-Jardin-Botanico-Atlantico-Gijon-5-III-2022-suelo-humedo-de-ribera.jpg 945w\" sizes=\"auto, (max-width: 300px) 100vw, 300px\" \/><\/a><p id=\"caption-attachment-48364\" class=\"wp-caption-text\">Discotis venosa ERD-9287. Foto: Enrique Rubio.<\/p><\/div>\n<div id=\"attachment_48365\" style=\"width: 300px\" class=\"wp-caption alignright\"><a href=\"https:\/\/www.centrodeestudiosmicologicosasturianos.org\/?attachment_id=48365\" target=\"_blank\" rel=\"attachment noopener wp-att-48365\"><img loading=\"lazy\" decoding=\"async\" aria-describedby=\"caption-attachment-48365\" class=\"wp-image-48365 size-medium\" src=\"https:\/\/www.centrodeestudiosmicologicosasturianos.org\/wp-content\/uploads\/2022\/03\/Discotis-venosa-ERD-9287.-Jardin-Botanico-Atlantico-Gijon-5-III-2022-suelo-humedo-de-ribera-2-300x200.jpg\" alt=\"\" width=\"300\" height=\"200\" srcset=\"https:\/\/www.centrodeestudiosmicologicosasturianos.org\/wp-content\/uploads\/2022\/03\/Discotis-venosa-ERD-9287.-Jardin-Botanico-Atlantico-Gijon-5-III-2022-suelo-humedo-de-ribera-2-300x200.jpg 300w, https:\/\/www.centrodeestudiosmicologicosasturianos.org\/wp-content\/uploads\/2022\/03\/Discotis-venosa-ERD-9287.-Jardin-Botanico-Atlantico-Gijon-5-III-2022-suelo-humedo-de-ribera-2-768x512.jpg 768w, https:\/\/www.centrodeestudiosmicologicosasturianos.org\/wp-content\/uploads\/2022\/03\/Discotis-venosa-ERD-9287.-Jardin-Botanico-Atlantico-Gijon-5-III-2022-suelo-humedo-de-ribera-2-360x240.jpg 360w, https:\/\/www.centrodeestudiosmicologicosasturianos.org\/wp-content\/uploads\/2022\/03\/Discotis-venosa-ERD-9287.-Jardin-Botanico-Atlantico-Gijon-5-III-2022-suelo-humedo-de-ribera-2-750x500.jpg 750w, https:\/\/www.centrodeestudiosmicologicosasturianos.org\/wp-content\/uploads\/2022\/03\/Discotis-venosa-ERD-9287.-Jardin-Botanico-Atlantico-Gijon-5-III-2022-suelo-humedo-de-ribera-2.jpg 945w\" sizes=\"auto, (max-width: 300px) 100vw, 300px\" \/><\/a><p id=\"caption-attachment-48365\" class=\"wp-caption-text\">Discotis venosa ERD-9287. Foto: Enrique Rubio.<\/p><\/div>\n<div id=\"attachment_48366\" style=\"width: 200px\" class=\"wp-caption alignleft\"><a href=\"https:\/\/www.centrodeestudiosmicologicosasturianos.org\/?attachment_id=48366\" target=\"_blank\" rel=\"attachment noopener wp-att-48366\"><img loading=\"lazy\" decoding=\"async\" aria-describedby=\"caption-attachment-48366\" class=\"wp-image-48366 size-medium\" src=\"https:\/\/www.centrodeestudiosmicologicosasturianos.org\/wp-content\/uploads\/2022\/03\/Discotis-venosa-ERD-9287.-Esporas-x-1.000.-Jardin-Botanico-Atlantico-Gijon-5-III-2022-suelo-humedo-de-ribera-200x300.jpg\" alt=\"\" width=\"200\" height=\"300\" srcset=\"https:\/\/www.centrodeestudiosmicologicosasturianos.org\/wp-content\/uploads\/2022\/03\/Discotis-venosa-ERD-9287.-Esporas-x-1.000.-Jardin-Botanico-Atlantico-Gijon-5-III-2022-suelo-humedo-de-ribera-200x300.jpg 200w, https:\/\/www.centrodeestudiosmicologicosasturianos.org\/wp-content\/uploads\/2022\/03\/Discotis-venosa-ERD-9287.-Esporas-x-1.000.-Jardin-Botanico-Atlantico-Gijon-5-III-2022-suelo-humedo-de-ribera-681x1024.jpg 681w, https:\/\/www.centrodeestudiosmicologicosasturianos.org\/wp-content\/uploads\/2022\/03\/Discotis-venosa-ERD-9287.-Esporas-x-1.000.-Jardin-Botanico-Atlantico-Gijon-5-III-2022-suelo-humedo-de-ribera-768x1154.jpg 768w, https:\/\/www.centrodeestudiosmicologicosasturianos.org\/wp-content\/uploads\/2022\/03\/Discotis-venosa-ERD-9287.-Esporas-x-1.000.-Jardin-Botanico-Atlantico-Gijon-5-III-2022-suelo-humedo-de-ribera-360x541.jpg 360w, https:\/\/www.centrodeestudiosmicologicosasturianos.org\/wp-content\/uploads\/2022\/03\/Discotis-venosa-ERD-9287.-Esporas-x-1.000.-Jardin-Botanico-Atlantico-Gijon-5-III-2022-suelo-humedo-de-ribera-750x1127.jpg 750w, https:\/\/www.centrodeestudiosmicologicosasturianos.org\/wp-content\/uploads\/2022\/03\/Discotis-venosa-ERD-9287.-Esporas-x-1.000.-Jardin-Botanico-Atlantico-Gijon-5-III-2022-suelo-humedo-de-ribera.jpg 827w\" sizes=\"auto, (max-width: 200px) 100vw, 200px\" \/><\/a><p id=\"caption-attachment-48366\" class=\"wp-caption-text\">Discotis venosa ERD-9287. Esporas x 1.000. Foto: Enrique Rubio.<\/p><\/div>\n<div id=\"attachment_48367\" style=\"width: 200px\" class=\"wp-caption alignright\"><a href=\"https:\/\/www.centrodeestudiosmicologicosasturianos.org\/?attachment_id=48367\" target=\"_blank\" rel=\"attachment noopener wp-att-48367\"><img loading=\"lazy\" decoding=\"async\" aria-describedby=\"caption-attachment-48367\" class=\"wp-image-48367 size-medium\" src=\"https:\/\/www.centrodeestudiosmicologicosasturianos.org\/wp-content\/uploads\/2022\/03\/Discotis-venosa-ERD-9287.-Esporas-x-1.000-2.-Jardin-Botanico-Atlantico-Gijon-5-III-2022-suelo-humedo-de-ribera-200x300.jpg\" alt=\"\" width=\"200\" height=\"300\" srcset=\"https:\/\/www.centrodeestudiosmicologicosasturianos.org\/wp-content\/uploads\/2022\/03\/Discotis-venosa-ERD-9287.-Esporas-x-1.000-2.-Jardin-Botanico-Atlantico-Gijon-5-III-2022-suelo-humedo-de-ribera-200x300.jpg 200w, https:\/\/www.centrodeestudiosmicologicosasturianos.org\/wp-content\/uploads\/2022\/03\/Discotis-venosa-ERD-9287.-Esporas-x-1.000-2.-Jardin-Botanico-Atlantico-Gijon-5-III-2022-suelo-humedo-de-ribera-681x1024.jpg 681w, https:\/\/www.centrodeestudiosmicologicosasturianos.org\/wp-content\/uploads\/2022\/03\/Discotis-venosa-ERD-9287.-Esporas-x-1.000-2.-Jardin-Botanico-Atlantico-Gijon-5-III-2022-suelo-humedo-de-ribera-768x1154.jpg 768w, https:\/\/www.centrodeestudiosmicologicosasturianos.org\/wp-content\/uploads\/2022\/03\/Discotis-venosa-ERD-9287.-Esporas-x-1.000-2.-Jardin-Botanico-Atlantico-Gijon-5-III-2022-suelo-humedo-de-ribera-360x541.jpg 360w, https:\/\/www.centrodeestudiosmicologicosasturianos.org\/wp-content\/uploads\/2022\/03\/Discotis-venosa-ERD-9287.-Esporas-x-1.000-2.-Jardin-Botanico-Atlantico-Gijon-5-III-2022-suelo-humedo-de-ribera-750x1127.jpg 750w, https:\/\/www.centrodeestudiosmicologicosasturianos.org\/wp-content\/uploads\/2022\/03\/Discotis-venosa-ERD-9287.-Esporas-x-1.000-2.-Jardin-Botanico-Atlantico-Gijon-5-III-2022-suelo-humedo-de-ribera.jpg 827w\" sizes=\"auto, (max-width: 200px) 100vw, 200px\" \/><\/a><p id=\"caption-attachment-48367\" class=\"wp-caption-text\">Discotis venosa ERD-9287. Foto: Enrique Rubio.<\/p><\/div>\n<div id=\"attachment_48368\" style=\"width: 244px\" class=\"wp-caption alignright\"><a href=\"https:\/\/www.centrodeestudiosmicologicosasturianos.org\/?attachment_id=48368\" target=\"_blank\" rel=\"attachment noopener wp-att-48368\"><img loading=\"lazy\" decoding=\"async\" aria-describedby=\"caption-attachment-48368\" class=\"wp-image-48368 \" src=\"https:\/\/www.centrodeestudiosmicologicosasturianos.org\/wp-content\/uploads\/2022\/03\/Discotis-venosa-ERD-9287.-Micrografia.-Jardin-Botanico-Atlantico-Gijon-5-III-2022-suelo-humedo-de-ribera-197x300.jpg\" alt=\"\" width=\"244\" height=\"372\" srcset=\"https:\/\/www.centrodeestudiosmicologicosasturianos.org\/wp-content\/uploads\/2022\/03\/Discotis-venosa-ERD-9287.-Micrografia.-Jardin-Botanico-Atlantico-Gijon-5-III-2022-suelo-humedo-de-ribera-197x300.jpg 197w, https:\/\/www.centrodeestudiosmicologicosasturianos.org\/wp-content\/uploads\/2022\/03\/Discotis-venosa-ERD-9287.-Micrografia.-Jardin-Botanico-Atlantico-Gijon-5-III-2022-suelo-humedo-de-ribera-674x1024.jpg 674w, https:\/\/www.centrodeestudiosmicologicosasturianos.org\/wp-content\/uploads\/2022\/03\/Discotis-venosa-ERD-9287.-Micrografia.-Jardin-Botanico-Atlantico-Gijon-5-III-2022-suelo-humedo-de-ribera-768x1167.jpg 768w, https:\/\/www.centrodeestudiosmicologicosasturianos.org\/wp-content\/uploads\/2022\/03\/Discotis-venosa-ERD-9287.-Micrografia.-Jardin-Botanico-Atlantico-Gijon-5-III-2022-suelo-humedo-de-ribera-1011x1536.jpg 1011w, https:\/\/www.centrodeestudiosmicologicosasturianos.org\/wp-content\/uploads\/2022\/03\/Discotis-venosa-ERD-9287.-Micrografia.-Jardin-Botanico-Atlantico-Gijon-5-III-2022-suelo-humedo-de-ribera-1348x2048.jpg 1348w, https:\/\/www.centrodeestudiosmicologicosasturianos.org\/wp-content\/uploads\/2022\/03\/Discotis-venosa-ERD-9287.-Micrografia.-Jardin-Botanico-Atlantico-Gijon-5-III-2022-suelo-humedo-de-ribera-360x547.jpg 360w, https:\/\/www.centrodeestudiosmicologicosasturianos.org\/wp-content\/uploads\/2022\/03\/Discotis-venosa-ERD-9287.-Micrografia.-Jardin-Botanico-Atlantico-Gijon-5-III-2022-suelo-humedo-de-ribera-750x1140.jpg 750w, https:\/\/www.centrodeestudiosmicologicosasturianos.org\/wp-content\/uploads\/2022\/03\/Discotis-venosa-ERD-9287.-Micrografia.-Jardin-Botanico-Atlantico-Gijon-5-III-2022-suelo-humedo-de-ribera.jpg 1417w\" sizes=\"auto, (max-width: 244px) 100vw, 244px\" \/><\/a><p id=\"caption-attachment-48368\" class=\"wp-caption-text\">Discotis venosa ERD-9287. Foto: Enrique Rubio.<\/p><\/div>\n<p><a href=\"https:\/\/www.centrodeestudiosmicologicosasturianos.org\/?attachment_id=48362\" rel=\"attachment wp-att-48362\"><img loading=\"lazy\" decoding=\"async\" class=\"alignright size-medium wp-image-48362\" src=\"https:\/\/www.centrodeestudiosmicologicosasturianos.org\/wp-content\/uploads\/2022\/03\/Disciotis-venosa-estadio-juvenil.-Covadonga-3-III-2007-suelo-de-bosque-mixto-de-planifolios.tif\" alt=\"\" width=\"1\" height=\"1\" \/><\/a><\/p>\n<div id=\"attachment_48369\" style=\"width: 194px\" class=\"wp-caption alignleft\"><a href=\"https:\/\/www.centrodeestudiosmicologicosasturianos.org\/?attachment_id=48369\" target=\"_blank\" rel=\"attachment noopener wp-att-48369\"><img loading=\"lazy\" decoding=\"async\" aria-describedby=\"caption-attachment-48369\" class=\"wp-image-48369 \" src=\"https:\/\/www.centrodeestudiosmicologicosasturianos.org\/wp-content\/uploads\/2022\/03\/Discotis-venosa-ERD-9287.-Excipulo.-Jardin-Botanico-Atlantico-Gijon-5-III-2022-suelo-humedo-de-ribera-144x300.jpg\" alt=\"\" width=\"194\" height=\"404\" srcset=\"https:\/\/www.centrodeestudiosmicologicosasturianos.org\/wp-content\/uploads\/2022\/03\/Discotis-venosa-ERD-9287.-Excipulo.-Jardin-Botanico-Atlantico-Gijon-5-III-2022-suelo-humedo-de-ribera-144x300.jpg 144w, https:\/\/www.centrodeestudiosmicologicosasturianos.org\/wp-content\/uploads\/2022\/03\/Discotis-venosa-ERD-9287.-Excipulo.-Jardin-Botanico-Atlantico-Gijon-5-III-2022-suelo-humedo-de-ribera-491x1024.jpg 491w, https:\/\/www.centrodeestudiosmicologicosasturianos.org\/wp-content\/uploads\/2022\/03\/Discotis-venosa-ERD-9287.-Excipulo.-Jardin-Botanico-Atlantico-Gijon-5-III-2022-suelo-humedo-de-ribera-768x1601.jpg 768w, https:\/\/www.centrodeestudiosmicologicosasturianos.org\/wp-content\/uploads\/2022\/03\/Discotis-venosa-ERD-9287.-Excipulo.-Jardin-Botanico-Atlantico-Gijon-5-III-2022-suelo-humedo-de-ribera-737x1536.jpg 737w, https:\/\/www.centrodeestudiosmicologicosasturianos.org\/wp-content\/uploads\/2022\/03\/Discotis-venosa-ERD-9287.-Excipulo.-Jardin-Botanico-Atlantico-Gijon-5-III-2022-suelo-humedo-de-ribera-982x2048.jpg 982w, https:\/\/www.centrodeestudiosmicologicosasturianos.org\/wp-content\/uploads\/2022\/03\/Discotis-venosa-ERD-9287.-Excipulo.-Jardin-Botanico-Atlantico-Gijon-5-III-2022-suelo-humedo-de-ribera-360x750.jpg 360w, https:\/\/www.centrodeestudiosmicologicosasturianos.org\/wp-content\/uploads\/2022\/03\/Discotis-venosa-ERD-9287.-Excipulo.-Jardin-Botanico-Atlantico-Gijon-5-III-2022-suelo-humedo-de-ribera-750x1564.jpg 750w, https:\/\/www.centrodeestudiosmicologicosasturianos.org\/wp-content\/uploads\/2022\/03\/Discotis-venosa-ERD-9287.-Excipulo.-Jardin-Botanico-Atlantico-Gijon-5-III-2022-suelo-humedo-de-ribera-scaled.jpg 1228w\" sizes=\"auto, (max-width: 194px) 100vw, 194px\" \/><\/a><p id=\"caption-attachment-48369\" class=\"wp-caption-text\">Discotis venosa ERD-9287. Exc\u00edpulo. Foto: Enrique Rubio.<\/p><\/div>\n","protected":false},"excerpt":{"rendered":"<p>Santiago (Somiedo-Asturias), 2-IV-2016, suelo de bosque de ribera. Covadonga (Cangas de On\u00eds-Asturias), 3-III-2007, suelo de<\/p>\n","protected":false},"author":2,"featured_media":0,"comment_status":"closed","ping_status":"closed","sticky":false,"template":"","format":"standard","meta":{"footnotes":""},"categories":[11,2433,15],"tags":[],"class_list":["post-48360","post","type-post","status-publish","format-standard","hentry","category-ascomycota","category-clase-pezizomycetes","category-orden-pezizales"],"yoast_head":"<!-- This site is optimized with the Yoast SEO plugin v28.2 - https:\/\/yoast.com\/product\/yoast-seo-wordpress\/ -->\n<title>Disciotis venosa  (Pers.) Boud.  &#8226; CEMAS<\/title>\n<meta name=\"description\" content=\"Santiago (Somiedo-Asturias), 2-IV-2016, suelo de bosque de ribera.Covadonga (Cangas de On\u00eds-Asturias), 3-III-2007, suelo de bosque\" \/>\n<meta name=\"robots\" content=\"index, follow, max-snippet:-1, max-image-preview:large, max-video-preview:-1\" \/>\n<link rel=\"canonical\" href=\"https:\/\/www.centrodeestudiosmicologicosasturianos.org\/?p=48360\" \/>\n<meta property=\"og:locale\" content=\"es_ES\" \/>\n<meta property=\"og:type\" content=\"article\" \/>\n<meta property=\"og:title\" content=\"Disciotis venosa  (Pers.) Boud.  &#8226; CEMAS\" \/>\n<meta property=\"og:description\" content=\"Santiago (Somiedo-Asturias), 2-IV-2016, suelo de bosque de ribera.Covadonga (Cangas de On\u00eds-Asturias), 3-III-2007, suelo de bosque\" \/>\n<meta property=\"og:url\" content=\"https:\/\/www.centrodeestudiosmicologicosasturianos.org\/?p=48360\" \/>\n<meta property=\"og:site_name\" content=\"CEMAS\" \/>\n<meta property=\"article:publisher\" content=\"https:\/\/www.facebook.com\/Centro-de-estudios-micol%c3%b3gicos-asturianos-1971903719797261\/?modal=admin_todo_tour\" \/>\n<meta property=\"article:published_time\" content=\"2022-03-10T18:14:51+00:00\" \/>\n<meta property=\"article:modified_time\" content=\"2022-03-10T19:56:00+00:00\" \/>\n<meta property=\"og:image\" content=\"http:\/\/www.centrodeestudiosmicologicosasturianos.org\/wp-content\/uploads\/2022\/03\/Disciotis-venosa.-Santiago-Somiedo-2-IV-2016-bosue-de-ribera-300x199.jpg\" \/>\n<meta name=\"author\" content=\"Enrique Rubio Dom\u00ednguez\" \/>\n<meta name=\"twitter:card\" content=\"summary_large_image\" \/>\n<meta name=\"twitter:label1\" content=\"Escrito por\" \/>\n\t<meta name=\"twitter:data1\" content=\"Enrique Rubio Dom\u00ednguez\" \/>\n\t<meta name=\"twitter:label2\" content=\"Tiempo de lectura\" \/>\n\t<meta name=\"twitter:data2\" content=\"3 minutos\" \/>\n<script type=\"application\/ld+json\" class=\"yoast-schema-graph\">{\"@context\":\"https:\\\/\\\/schema.org\",\"@graph\":[{\"@type\":\"Article\",\"@id\":\"https:\\\/\\\/www.centrodeestudiosmicologicosasturianos.org\\\/?p=48360#article\",\"isPartOf\":{\"@id\":\"https:\\\/\\\/www.centrodeestudiosmicologicosasturianos.org\\\/?p=48360\"},\"author\":{\"name\":\"Enrique Rubio Dom\u00ednguez\",\"@id\":\"https:\\\/\\\/www.centrodeestudiosmicologicosasturianos.org\\\/#\\\/schema\\\/person\\\/eb578bfc3200c2f01f538f9dc92acd9d\"},\"headline\":\"Disciotis venosa (Pers.) Boud.\",\"datePublished\":\"2022-03-10T18:14:51+00:00\",\"dateModified\":\"2022-03-10T19:56:00+00:00\",\"mainEntityOfPage\":{\"@id\":\"https:\\\/\\\/www.centrodeestudiosmicologicosasturianos.org\\\/?p=48360\"},\"wordCount\":166,\"publisher\":{\"@id\":\"https:\\\/\\\/www.centrodeestudiosmicologicosasturianos.org\\\/#organization\"},\"image\":{\"@id\":\"https:\\\/\\\/www.centrodeestudiosmicologicosasturianos.org\\\/?p=48360#primaryimage\"},\"thumbnailUrl\":\"http:\\\/\\\/www.centrodeestudiosmicologicosasturianos.org\\\/wp-content\\\/uploads\\\/2022\\\/03\\\/Disciotis-venosa.-Santiago-Somiedo-2-IV-2016-bosue-de-ribera-300x199.jpg\",\"articleSection\":[\"Ascomycota\",\"Clase Pezizomycetes\",\"Orden Pezizales\"],\"inLanguage\":\"es\"},{\"@type\":\"WebPage\",\"@id\":\"https:\\\/\\\/www.centrodeestudiosmicologicosasturianos.org\\\/?p=48360\",\"url\":\"https:\\\/\\\/www.centrodeestudiosmicologicosasturianos.org\\\/?p=48360\",\"name\":\"Disciotis venosa (Pers.) Boud. &#8226; CEMAS\",\"isPartOf\":{\"@id\":\"https:\\\/\\\/www.centrodeestudiosmicologicosasturianos.org\\\/#website\"},\"primaryImageOfPage\":{\"@id\":\"https:\\\/\\\/www.centrodeestudiosmicologicosasturianos.org\\\/?p=48360#primaryimage\"},\"image\":{\"@id\":\"https:\\\/\\\/www.centrodeestudiosmicologicosasturianos.org\\\/?p=48360#primaryimage\"},\"thumbnailUrl\":\"http:\\\/\\\/www.centrodeestudiosmicologicosasturianos.org\\\/wp-content\\\/uploads\\\/2022\\\/03\\\/Disciotis-venosa.-Santiago-Somiedo-2-IV-2016-bosue-de-ribera-300x199.jpg\",\"datePublished\":\"2022-03-10T18:14:51+00:00\",\"dateModified\":\"2022-03-10T19:56:00+00:00\",\"description\":\"Santiago (Somiedo-Asturias), 2-IV-2016, suelo de bosque de ribera.Covadonga (Cangas de On\u00eds-Asturias), 3-III-2007, suelo de bosque\",\"breadcrumb\":{\"@id\":\"https:\\\/\\\/www.centrodeestudiosmicologicosasturianos.org\\\/?p=48360#breadcrumb\"},\"inLanguage\":\"es\",\"potentialAction\":[{\"@type\":\"ReadAction\",\"target\":[\"https:\\\/\\\/www.centrodeestudiosmicologicosasturianos.org\\\/?p=48360\"]}]},{\"@type\":\"ImageObject\",\"inLanguage\":\"es\",\"@id\":\"https:\\\/\\\/www.centrodeestudiosmicologicosasturianos.org\\\/?p=48360#primaryimage\",\"url\":\"http:\\\/\\\/www.centrodeestudiosmicologicosasturianos.org\\\/wp-content\\\/uploads\\\/2022\\\/03\\\/Disciotis-venosa.-Santiago-Somiedo-2-IV-2016-bosue-de-ribera-300x199.jpg\",\"contentUrl\":\"http:\\\/\\\/www.centrodeestudiosmicologicosasturianos.org\\\/wp-content\\\/uploads\\\/2022\\\/03\\\/Disciotis-venosa.-Santiago-Somiedo-2-IV-2016-bosue-de-ribera-300x199.jpg\"},{\"@type\":\"BreadcrumbList\",\"@id\":\"https:\\\/\\\/www.centrodeestudiosmicologicosasturianos.org\\\/?p=48360#breadcrumb\",\"itemListElement\":[{\"@type\":\"ListItem\",\"position\":1,\"name\":\"Portada\",\"item\":\"https:\\\/\\\/www.centrodeestudiosmicologicosasturianos.org\\\/\"},{\"@type\":\"ListItem\",\"position\":2,\"name\":\"Disciotis venosa (Pers.) Boud.\"}]},{\"@type\":\"WebSite\",\"@id\":\"https:\\\/\\\/www.centrodeestudiosmicologicosasturianos.org\\\/#website\",\"url\":\"https:\\\/\\\/www.centrodeestudiosmicologicosasturianos.org\\\/\",\"name\":\"CEMAS\",\"description\":\"Asociaci\u00f3n cultural\",\"publisher\":{\"@id\":\"https:\\\/\\\/www.centrodeestudiosmicologicosasturianos.org\\\/#organization\"},\"potentialAction\":[{\"@type\":\"SearchAction\",\"target\":{\"@type\":\"EntryPoint\",\"urlTemplate\":\"https:\\\/\\\/www.centrodeestudiosmicologicosasturianos.org\\\/?s={search_term_string}\"},\"query-input\":{\"@type\":\"PropertyValueSpecification\",\"valueRequired\":true,\"valueName\":\"search_term_string\"}}],\"inLanguage\":\"es\"},{\"@type\":\"Organization\",\"@id\":\"https:\\\/\\\/www.centrodeestudiosmicologicosasturianos.org\\\/#organization\",\"name\":\"Centro de estudios micol\u00f3gicos asturianos\",\"url\":\"https:\\\/\\\/www.centrodeestudiosmicologicosasturianos.org\\\/\",\"logo\":{\"@type\":\"ImageObject\",\"inLanguage\":\"es\",\"@id\":\"https:\\\/\\\/www.centrodeestudiosmicologicosasturianos.org\\\/#\\\/schema\\\/logo\\\/image\\\/\",\"url\":\"http:\\\/\\\/www.centrodeestudiosmicologicosasturianos.org\\\/wp-content\\\/uploads\\\/2018\\\/05\\\/0011.jpg\",\"contentUrl\":\"http:\\\/\\\/www.centrodeestudiosmicologicosasturianos.org\\\/wp-content\\\/uploads\\\/2018\\\/05\\\/0011.jpg\",\"width\":200,\"height\":133,\"caption\":\"Centro de estudios micol\u00f3gicos asturianos\"},\"image\":{\"@id\":\"https:\\\/\\\/www.centrodeestudiosmicologicosasturianos.org\\\/#\\\/schema\\\/logo\\\/image\\\/\"},\"sameAs\":[\"https:\\\/\\\/www.facebook.com\\\/Centro-de-estudios-micol\u00f3gicos-asturianos-1971903719797261\\\/?modal=admin_todo_tour\",\"https:\\\/\\\/www.youtube.com\\\/channel\\\/UCYK4Yp2SmHbBgJd2LJXmMeg?view_as=subscriber\"]},{\"@type\":\"Person\",\"@id\":\"https:\\\/\\\/www.centrodeestudiosmicologicosasturianos.org\\\/#\\\/schema\\\/person\\\/eb578bfc3200c2f01f538f9dc92acd9d\",\"name\":\"Enrique Rubio Dom\u00ednguez\",\"image\":{\"@type\":\"ImageObject\",\"inLanguage\":\"es\",\"@id\":\"https:\\\/\\\/secure.gravatar.com\\\/avatar\\\/1ca1846e3e1ed6b75443dc30a68a965f4f489959e8569da444d43bf8140688a8?s=96&d=mm&r=g\",\"url\":\"https:\\\/\\\/secure.gravatar.com\\\/avatar\\\/1ca1846e3e1ed6b75443dc30a68a965f4f489959e8569da444d43bf8140688a8?s=96&d=mm&r=g\",\"contentUrl\":\"https:\\\/\\\/secure.gravatar.com\\\/avatar\\\/1ca1846e3e1ed6b75443dc30a68a965f4f489959e8569da444d43bf8140688a8?s=96&d=mm&r=g\",\"caption\":\"Enrique Rubio Dom\u00ednguez\"},\"url\":\"https:\\\/\\\/www.centrodeestudiosmicologicosasturianos.org\\\/?author=2\"}]}<\/script>\n<!-- \/ Yoast SEO plugin. -->","yoast_head_json":{"title":"Disciotis venosa  (Pers.) Boud.  &#8226; CEMAS","description":"Santiago (Somiedo-Asturias), 2-IV-2016, suelo de bosque de ribera.Covadonga (Cangas de On\u00eds-Asturias), 3-III-2007, suelo de bosque","robots":{"index":"index","follow":"follow","max-snippet":"max-snippet:-1","max-image-preview":"max-image-preview:large","max-video-preview":"max-video-preview:-1"},"canonical":"https:\/\/www.centrodeestudiosmicologicosasturianos.org\/?p=48360","og_locale":"es_ES","og_type":"article","og_title":"Disciotis venosa  (Pers.) Boud.  &#8226; CEMAS","og_description":"Santiago (Somiedo-Asturias), 2-IV-2016, suelo de bosque de ribera.Covadonga (Cangas de On\u00eds-Asturias), 3-III-2007, suelo de bosque","og_url":"https:\/\/www.centrodeestudiosmicologicosasturianos.org\/?p=48360","og_site_name":"CEMAS","article_publisher":"https:\/\/www.facebook.com\/Centro-de-estudios-micol%c3%b3gicos-asturianos-1971903719797261\/?modal=admin_todo_tour","article_published_time":"2022-03-10T18:14:51+00:00","article_modified_time":"2022-03-10T19:56:00+00:00","og_image":[{"url":"http:\/\/www.centrodeestudiosmicologicosasturianos.org\/wp-content\/uploads\/2022\/03\/Disciotis-venosa.-Santiago-Somiedo-2-IV-2016-bosue-de-ribera-300x199.jpg","type":"","width":"","height":""}],"author":"Enrique Rubio Dom\u00ednguez","twitter_card":"summary_large_image","twitter_misc":{"Escrito por":"Enrique Rubio Dom\u00ednguez","Tiempo de lectura":"3 minutos"},"schema":{"@context":"https:\/\/schema.org","@graph":[{"@type":"Article","@id":"https:\/\/www.centrodeestudiosmicologicosasturianos.org\/?p=48360#article","isPartOf":{"@id":"https:\/\/www.centrodeestudiosmicologicosasturianos.org\/?p=48360"},"author":{"name":"Enrique Rubio Dom\u00ednguez","@id":"https:\/\/www.centrodeestudiosmicologicosasturianos.org\/#\/schema\/person\/eb578bfc3200c2f01f538f9dc92acd9d"},"headline":"Disciotis venosa (Pers.) Boud.","datePublished":"2022-03-10T18:14:51+00:00","dateModified":"2022-03-10T19:56:00+00:00","mainEntityOfPage":{"@id":"https:\/\/www.centrodeestudiosmicologicosasturianos.org\/?p=48360"},"wordCount":166,"publisher":{"@id":"https:\/\/www.centrodeestudiosmicologicosasturianos.org\/#organization"},"image":{"@id":"https:\/\/www.centrodeestudiosmicologicosasturianos.org\/?p=48360#primaryimage"},"thumbnailUrl":"http:\/\/www.centrodeestudiosmicologicosasturianos.org\/wp-content\/uploads\/2022\/03\/Disciotis-venosa.-Santiago-Somiedo-2-IV-2016-bosue-de-ribera-300x199.jpg","articleSection":["Ascomycota","Clase Pezizomycetes","Orden Pezizales"],"inLanguage":"es"},{"@type":"WebPage","@id":"https:\/\/www.centrodeestudiosmicologicosasturianos.org\/?p=48360","url":"https:\/\/www.centrodeestudiosmicologicosasturianos.org\/?p=48360","name":"Disciotis venosa (Pers.) Boud. &#8226; CEMAS","isPartOf":{"@id":"https:\/\/www.centrodeestudiosmicologicosasturianos.org\/#website"},"primaryImageOfPage":{"@id":"https:\/\/www.centrodeestudiosmicologicosasturianos.org\/?p=48360#primaryimage"},"image":{"@id":"https:\/\/www.centrodeestudiosmicologicosasturianos.org\/?p=48360#primaryimage"},"thumbnailUrl":"http:\/\/www.centrodeestudiosmicologicosasturianos.org\/wp-content\/uploads\/2022\/03\/Disciotis-venosa.-Santiago-Somiedo-2-IV-2016-bosue-de-ribera-300x199.jpg","datePublished":"2022-03-10T18:14:51+00:00","dateModified":"2022-03-10T19:56:00+00:00","description":"Santiago (Somiedo-Asturias), 2-IV-2016, suelo de bosque de ribera.Covadonga (Cangas de On\u00eds-Asturias), 3-III-2007, suelo de bosque","breadcrumb":{"@id":"https:\/\/www.centrodeestudiosmicologicosasturianos.org\/?p=48360#breadcrumb"},"inLanguage":"es","potentialAction":[{"@type":"ReadAction","target":["https:\/\/www.centrodeestudiosmicologicosasturianos.org\/?p=48360"]}]},{"@type":"ImageObject","inLanguage":"es","@id":"https:\/\/www.centrodeestudiosmicologicosasturianos.org\/?p=48360#primaryimage","url":"http:\/\/www.centrodeestudiosmicologicosasturianos.org\/wp-content\/uploads\/2022\/03\/Disciotis-venosa.-Santiago-Somiedo-2-IV-2016-bosue-de-ribera-300x199.jpg","contentUrl":"http:\/\/www.centrodeestudiosmicologicosasturianos.org\/wp-content\/uploads\/2022\/03\/Disciotis-venosa.-Santiago-Somiedo-2-IV-2016-bosue-de-ribera-300x199.jpg"},{"@type":"BreadcrumbList","@id":"https:\/\/www.centrodeestudiosmicologicosasturianos.org\/?p=48360#breadcrumb","itemListElement":[{"@type":"ListItem","position":1,"name":"Portada","item":"https:\/\/www.centrodeestudiosmicologicosasturianos.org\/"},{"@type":"ListItem","position":2,"name":"Disciotis venosa (Pers.) Boud."}]},{"@type":"WebSite","@id":"https:\/\/www.centrodeestudiosmicologicosasturianos.org\/#website","url":"https:\/\/www.centrodeestudiosmicologicosasturianos.org\/","name":"CEMAS","description":"Asociaci\u00f3n cultural","publisher":{"@id":"https:\/\/www.centrodeestudiosmicologicosasturianos.org\/#organization"},"potentialAction":[{"@type":"SearchAction","target":{"@type":"EntryPoint","urlTemplate":"https:\/\/www.centrodeestudiosmicologicosasturianos.org\/?s={search_term_string}"},"query-input":{"@type":"PropertyValueSpecification","valueRequired":true,"valueName":"search_term_string"}}],"inLanguage":"es"},{"@type":"Organization","@id":"https:\/\/www.centrodeestudiosmicologicosasturianos.org\/#organization","name":"Centro de estudios micol\u00f3gicos asturianos","url":"https:\/\/www.centrodeestudiosmicologicosasturianos.org\/","logo":{"@type":"ImageObject","inLanguage":"es","@id":"https:\/\/www.centrodeestudiosmicologicosasturianos.org\/#\/schema\/logo\/image\/","url":"http:\/\/www.centrodeestudiosmicologicosasturianos.org\/wp-content\/uploads\/2018\/05\/0011.jpg","contentUrl":"http:\/\/www.centrodeestudiosmicologicosasturianos.org\/wp-content\/uploads\/2018\/05\/0011.jpg","width":200,"height":133,"caption":"Centro de estudios micol\u00f3gicos asturianos"},"image":{"@id":"https:\/\/www.centrodeestudiosmicologicosasturianos.org\/#\/schema\/logo\/image\/"},"sameAs":["https:\/\/www.facebook.com\/Centro-de-estudios-micol\u00f3gicos-asturianos-1971903719797261\/?modal=admin_todo_tour","https:\/\/www.youtube.com\/channel\/UCYK4Yp2SmHbBgJd2LJXmMeg?view_as=subscriber"]},{"@type":"Person","@id":"https:\/\/www.centrodeestudiosmicologicosasturianos.org\/#\/schema\/person\/eb578bfc3200c2f01f538f9dc92acd9d","name":"Enrique Rubio Dom\u00ednguez","image":{"@type":"ImageObject","inLanguage":"es","@id":"https:\/\/secure.gravatar.com\/avatar\/1ca1846e3e1ed6b75443dc30a68a965f4f489959e8569da444d43bf8140688a8?s=96&d=mm&r=g","url":"https:\/\/secure.gravatar.com\/avatar\/1ca1846e3e1ed6b75443dc30a68a965f4f489959e8569da444d43bf8140688a8?s=96&d=mm&r=g","contentUrl":"https:\/\/secure.gravatar.com\/avatar\/1ca1846e3e1ed6b75443dc30a68a965f4f489959e8569da444d43bf8140688a8?s=96&d=mm&r=g","caption":"Enrique Rubio Dom\u00ednguez"},"url":"https:\/\/www.centrodeestudiosmicologicosasturianos.org\/?author=2"}]}},"_links":{"self":[{"href":"https:\/\/www.centrodeestudiosmicologicosasturianos.org\/index.php?rest_route=\/wp\/v2\/posts\/48360","targetHints":{"allow":["GET"]}}],"collection":[{"href":"https:\/\/www.centrodeestudiosmicologicosasturianos.org\/index.php?rest_route=\/wp\/v2\/posts"}],"about":[{"href":"https:\/\/www.centrodeestudiosmicologicosasturianos.org\/index.php?rest_route=\/wp\/v2\/types\/post"}],"author":[{"embeddable":true,"href":"https:\/\/www.centrodeestudiosmicologicosasturianos.org\/index.php?rest_route=\/wp\/v2\/users\/2"}],"replies":[{"embeddable":true,"href":"https:\/\/www.centrodeestudiosmicologicosasturianos.org\/index.php?rest_route=%2Fwp%2Fv2%2Fcomments&post=48360"}],"version-history":[{"count":0,"href":"https:\/\/www.centrodeestudiosmicologicosasturianos.org\/index.php?rest_route=\/wp\/v2\/posts\/48360\/revisions"}],"wp:attachment":[{"href":"https:\/\/www.centrodeestudiosmicologicosasturianos.org\/index.php?rest_route=%2Fwp%2Fv2%2Fmedia&parent=48360"}],"wp:term":[{"taxonomy":"category","embeddable":true,"href":"https:\/\/www.centrodeestudiosmicologicosasturianos.org\/index.php?rest_route=%2Fwp%2Fv2%2Fcategories&post=48360"},{"taxonomy":"post_tag","embeddable":true,"href":"https:\/\/www.centrodeestudiosmicologicosasturianos.org\/index.php?rest_route=%2Fwp%2Fv2%2Ftags&post=48360"}],"curies":[{"name":"wp","href":"https:\/\/api.w.org\/{rel}","templated":true}]}}