{"id":33001,"date":"2020-09-01T19:50:47","date_gmt":"2020-09-01T18:50:47","guid":{"rendered":"http:\/\/www.centrodeestudiosmicologicosasturianos.org\/?p=33001"},"modified":"2025-01-11T14:02:03","modified_gmt":"2025-01-11T13:02:03","slug":"pertusaria-leioplaca-dc","status":"publish","type":"post","link":"https:\/\/www.centrodeestudiosmicologicosasturianos.org\/?p=33001","title":{"rendered":"\u00a0<h2 style=\"font-style: italic;display:inline;text-transform:none;\">Pertusaria leioplaca <\/h2><h4 style=\"font-style: normal;display:inline;\"> (Ach.) DC <\/h4>"},"content":{"rendered":"<p>*Salcedo (Quir\u00f3s-Asturias), el 30-VIII-2020, en corteza de <i>Corylus avellana.<\/i><\/p>\n<p>Talo crust\u00e1ceo de color blanquecino o gris p\u00e1lido, de unos 30 mm de di\u00e1metro, con verrugas o protuberancias cuya secci\u00f3n transversal descubre m\u00e1s de un ascoma por verruga, con peritecios esf\u00e9ricos que reaccionan intensamente ante el yodo y ascos con hasta 6 esporas en los espec\u00edmenes observados, hialinas, elipsoidales, de 50-80 micras con un exosporio muy grueso de 3-4 micras.<\/p>\n<p>Crec\u00eda muy cercano a <em><a href=\"https:\/\/www.centrodeestudiosmicologicosasturianos.org\/?p=514\">Hypoxylon fuscum<\/a>.<\/em><\/p>\n<div id=\"attachment_33003\" style=\"width: 346px\" class=\"wp-caption alignleft\"><a href=\"https:\/\/www.centrodeestudiosmicologicosasturianos.org\/wp-content\/uploads\/2020\/09\/Pertusaria-leioplaca-DC-micrograf\u00eda.-Salcedo2.jpg\" target=\"_blank\" rel=\"noopener noreferrer\"><img loading=\"lazy\" decoding=\"async\" aria-describedby=\"caption-attachment-33003\" class=\"wp-image-33003 \" src=\"https:\/\/www.centrodeestudiosmicologicosasturianos.org\/wp-content\/uploads\/2020\/09\/Pertusaria-leioplaca-DC-micrograf\u00eda.-Salcedo2-300x253.jpg\" alt=\"Pertusaria leioplaca\" width=\"346\" height=\"292\" srcset=\"https:\/\/www.centrodeestudiosmicologicosasturianos.org\/wp-content\/uploads\/2020\/09\/Pertusaria-leioplaca-DC-micrograf\u00eda.-Salcedo2-300x253.jpg 300w, https:\/\/www.centrodeestudiosmicologicosasturianos.org\/wp-content\/uploads\/2020\/09\/Pertusaria-leioplaca-DC-micrograf\u00eda.-Salcedo2-768x647.jpg 768w, https:\/\/www.centrodeestudiosmicologicosasturianos.org\/wp-content\/uploads\/2020\/09\/Pertusaria-leioplaca-DC-micrograf\u00eda.-Salcedo2-360x303.jpg 360w, https:\/\/www.centrodeestudiosmicologicosasturianos.org\/wp-content\/uploads\/2020\/09\/Pertusaria-leioplaca-DC-micrograf\u00eda.-Salcedo2-750x632.jpg 750w, https:\/\/www.centrodeestudiosmicologicosasturianos.org\/wp-content\/uploads\/2020\/09\/Pertusaria-leioplaca-DC-micrograf\u00eda.-Salcedo2.jpg 1000w\" sizes=\"auto, (max-width: 346px) 100vw, 346px\" \/><\/a><p id=\"caption-attachment-33003\" class=\"wp-caption-text\">Pertusaria leioplaca, micrograf\u00eda. La Villa (Quir\u00f3s-Asturias). Foto: Marta Gonz\u00e1lez<\/p><\/div>\n<div id=\"attachment_33004\" style=\"width: 408px\" class=\"wp-caption alignleft\"><a href=\"https:\/\/www.centrodeestudiosmicologicosasturianos.org\/wp-content\/uploads\/2020\/09\/Pertusaria-leioplaca.-1-3-peritecios-por-verruga.-scaled.jpg\" target=\"_blank\" rel=\"noopener noreferrer\"><img loading=\"lazy\" decoding=\"async\" aria-describedby=\"caption-attachment-33004\" class=\"wp-image-33004 \" src=\"https:\/\/www.centrodeestudiosmicologicosasturianos.org\/wp-content\/uploads\/2020\/09\/Pertusaria-leioplaca.-1-3-peritecios-por-verruga.-300x215.jpg\" alt=\"Pertusaria leioplaca\" width=\"408\" height=\"293\" srcset=\"https:\/\/www.centrodeestudiosmicologicosasturianos.org\/wp-content\/uploads\/2020\/09\/Pertusaria-leioplaca.-1-3-peritecios-por-verruga.-300x215.jpg 300w, https:\/\/www.centrodeestudiosmicologicosasturianos.org\/wp-content\/uploads\/2020\/09\/Pertusaria-leioplaca.-1-3-peritecios-por-verruga.-1024x735.jpg 1024w, https:\/\/www.centrodeestudiosmicologicosasturianos.org\/wp-content\/uploads\/2020\/09\/Pertusaria-leioplaca.-1-3-peritecios-por-verruga.-768x551.jpg 768w, https:\/\/www.centrodeestudiosmicologicosasturianos.org\/wp-content\/uploads\/2020\/09\/Pertusaria-leioplaca.-1-3-peritecios-por-verruga.-1536x1103.jpg 1536w, https:\/\/www.centrodeestudiosmicologicosasturianos.org\/wp-content\/uploads\/2020\/09\/Pertusaria-leioplaca.-1-3-peritecios-por-verruga.-2048x1470.jpg 2048w, https:\/\/www.centrodeestudiosmicologicosasturianos.org\/wp-content\/uploads\/2020\/09\/Pertusaria-leioplaca.-1-3-peritecios-por-verruga.-360x258.jpg 360w, https:\/\/www.centrodeestudiosmicologicosasturianos.org\/wp-content\/uploads\/2020\/09\/Pertusaria-leioplaca.-1-3-peritecios-por-verruga.-750x539.jpg 750w\" sizes=\"auto, (max-width: 408px) 100vw, 408px\" \/><\/a><p id=\"caption-attachment-33004\" class=\"wp-caption-text\">Pertusaria leioplaca. 1-3 peritecios por verruga.Foto: Marta Gonz\u00e1lez<\/p><\/div>\n<p>&nbsp;<\/p>\n<p>&nbsp;<\/p>\n<p>&nbsp;<\/p>\n<p>&nbsp;<\/p>\n<p>&nbsp;<\/p>\n<p>&nbsp;<\/p>\n<p>&nbsp;<\/p>\n<p>&nbsp;<\/p>\n<p>&nbsp;<\/p>\n<p>&nbsp;<\/p>\n<p>&nbsp;<\/p>\n<div id=\"attachment_33005\" style=\"width: 428px\" class=\"wp-caption alignleft\"><a href=\"https:\/\/www.centrodeestudiosmicologicosasturianos.org\/wp-content\/uploads\/2020\/09\/Pertusaria-leioplaca.-KOH--scaled.jpg\" target=\"_blank\" rel=\"noopener noreferrer\"><img loading=\"lazy\" decoding=\"async\" aria-describedby=\"caption-attachment-33005\" class=\"wp-image-33005 \" src=\"https:\/\/www.centrodeestudiosmicologicosasturianos.org\/wp-content\/uploads\/2020\/09\/Pertusaria-leioplaca.-KOH--300x209.jpg\" alt=\"Pertusaria leioplaca\" width=\"428\" height=\"298\" srcset=\"https:\/\/www.centrodeestudiosmicologicosasturianos.org\/wp-content\/uploads\/2020\/09\/Pertusaria-leioplaca.-KOH--300x209.jpg 300w, https:\/\/www.centrodeestudiosmicologicosasturianos.org\/wp-content\/uploads\/2020\/09\/Pertusaria-leioplaca.-KOH--1024x713.jpg 1024w, https:\/\/www.centrodeestudiosmicologicosasturianos.org\/wp-content\/uploads\/2020\/09\/Pertusaria-leioplaca.-KOH--768x535.jpg 768w, https:\/\/www.centrodeestudiosmicologicosasturianos.org\/wp-content\/uploads\/2020\/09\/Pertusaria-leioplaca.-KOH--1536x1069.jpg 1536w, https:\/\/www.centrodeestudiosmicologicosasturianos.org\/wp-content\/uploads\/2020\/09\/Pertusaria-leioplaca.-KOH--2048x1425.jpg 2048w, https:\/\/www.centrodeestudiosmicologicosasturianos.org\/wp-content\/uploads\/2020\/09\/Pertusaria-leioplaca.-KOH--360x251.jpg 360w, https:\/\/www.centrodeestudiosmicologicosasturianos.org\/wp-content\/uploads\/2020\/09\/Pertusaria-leioplaca.-KOH--750x522.jpg 750w\" sizes=\"auto, (max-width: 428px) 100vw, 428px\" \/><\/a><p id=\"caption-attachment-33005\" class=\"wp-caption-text\">Pertusaria leioplaca. KOH-. Foto: Marta Gonz\u00e1lez<\/p><\/div>\n<div id=\"attachment_33006\" style=\"width: 200px\" class=\"wp-caption alignleft\"><a href=\"https:\/\/www.centrodeestudiosmicologicosasturianos.org\/wp-content\/uploads\/2020\/09\/Pertusaria-leioplaca-esporas-a-400x-scaled.jpg\" target=\"_blank\" rel=\"noopener noreferrer\"><img loading=\"lazy\" decoding=\"async\" aria-describedby=\"caption-attachment-33006\" class=\"wp-image-33006 size-medium\" src=\"https:\/\/www.centrodeestudiosmicologicosasturianos.org\/wp-content\/uploads\/2020\/09\/Pertusaria-leioplaca-esporas-a-400x-200x300.jpg\" alt=\"Pertusaria leioplaca\" width=\"200\" height=\"300\" srcset=\"https:\/\/www.centrodeestudiosmicologicosasturianos.org\/wp-content\/uploads\/2020\/09\/Pertusaria-leioplaca-esporas-a-400x-200x300.jpg 200w, https:\/\/www.centrodeestudiosmicologicosasturianos.org\/wp-content\/uploads\/2020\/09\/Pertusaria-leioplaca-esporas-a-400x-683x1024.jpg 683w, https:\/\/www.centrodeestudiosmicologicosasturianos.org\/wp-content\/uploads\/2020\/09\/Pertusaria-leioplaca-esporas-a-400x-768x1152.jpg 768w, https:\/\/www.centrodeestudiosmicologicosasturianos.org\/wp-content\/uploads\/2020\/09\/Pertusaria-leioplaca-esporas-a-400x-1024x1536.jpg 1024w, https:\/\/www.centrodeestudiosmicologicosasturianos.org\/wp-content\/uploads\/2020\/09\/Pertusaria-leioplaca-esporas-a-400x-1365x2048.jpg 1365w, https:\/\/www.centrodeestudiosmicologicosasturianos.org\/wp-content\/uploads\/2020\/09\/Pertusaria-leioplaca-esporas-a-400x-360x540.jpg 360w, https:\/\/www.centrodeestudiosmicologicosasturianos.org\/wp-content\/uploads\/2020\/09\/Pertusaria-leioplaca-esporas-a-400x-750x1125.jpg 750w, https:\/\/www.centrodeestudiosmicologicosasturianos.org\/wp-content\/uploads\/2020\/09\/Pertusaria-leioplaca-esporas-a-400x-scaled.jpg 1707w\" sizes=\"auto, (max-width: 200px) 100vw, 200px\" \/><\/a><p id=\"caption-attachment-33006\" class=\"wp-caption-text\">Pertusaria leioplaca, esporas a 400x. Foto: Marta Gonz\u00e1lez<\/p><\/div>\n<p>&nbsp;<\/p>\n<p>&nbsp;<\/p>\n<p>&nbsp;<\/p>\n<p>&nbsp;<\/p>\n<p>&nbsp;<\/p>\n<p>&nbsp;<\/p>\n<p>&nbsp;<\/p>\n<p>&nbsp;<\/p>\n<p>&nbsp;<\/p>\n<p>&nbsp;<\/p>\n<p>&nbsp;<\/p>\n<div id=\"attachment_33050\" style=\"width: 650px\" class=\"wp-caption aligncenter\"><a href=\"https:\/\/www.centrodeestudiosmicologicosasturianos.org\/wp-content\/uploads\/2020\/09\/Pertusaria-leioplaca-esporas-en-tinta-china-a-400x-scaled.jpg\" target=\"_blank\" rel=\"noopener noreferrer\"><img loading=\"lazy\" decoding=\"async\" aria-describedby=\"caption-attachment-33050\" class=\"wp-image-33050 \" src=\"https:\/\/www.centrodeestudiosmicologicosasturianos.org\/wp-content\/uploads\/2020\/09\/Pertusaria-leioplaca-esporas-en-tinta-china-a-400x-1024x756.jpg\" alt=\"Pertusaria leioplaca\" width=\"650\" height=\"480\" srcset=\"https:\/\/www.centrodeestudiosmicologicosasturianos.org\/wp-content\/uploads\/2020\/09\/Pertusaria-leioplaca-esporas-en-tinta-china-a-400x-1024x756.jpg 1024w, https:\/\/www.centrodeestudiosmicologicosasturianos.org\/wp-content\/uploads\/2020\/09\/Pertusaria-leioplaca-esporas-en-tinta-china-a-400x-300x222.jpg 300w, https:\/\/www.centrodeestudiosmicologicosasturianos.org\/wp-content\/uploads\/2020\/09\/Pertusaria-leioplaca-esporas-en-tinta-china-a-400x-768x567.jpg 768w, https:\/\/www.centrodeestudiosmicologicosasturianos.org\/wp-content\/uploads\/2020\/09\/Pertusaria-leioplaca-esporas-en-tinta-china-a-400x-1536x1134.jpg 1536w, https:\/\/www.centrodeestudiosmicologicosasturianos.org\/wp-content\/uploads\/2020\/09\/Pertusaria-leioplaca-esporas-en-tinta-china-a-400x-2048x1512.jpg 2048w, https:\/\/www.centrodeestudiosmicologicosasturianos.org\/wp-content\/uploads\/2020\/09\/Pertusaria-leioplaca-esporas-en-tinta-china-a-400x-360x266.jpg 360w, https:\/\/www.centrodeestudiosmicologicosasturianos.org\/wp-content\/uploads\/2020\/09\/Pertusaria-leioplaca-esporas-en-tinta-china-a-400x-750x554.jpg 750w\" sizes=\"auto, (max-width: 650px) 100vw, 650px\" \/><\/a><p id=\"caption-attachment-33050\" class=\"wp-caption-text\">Pertusaria leioplaca, vaina gelatinosa de las esporas en tinta china a 400x. Foto: Marta Gonz\u00e1lez<\/p><\/div>\n<p>&nbsp;<\/p>\n","protected":false},"excerpt":{"rendered":"<p>*Salcedo (Quir\u00f3s-Asturias), el 30-VIII-2020, en corteza de Corylus avellana. Talo crust\u00e1ceo de color blanquecino o<\/p>\n","protected":false},"author":4,"featured_media":33002,"comment_status":"closed","ping_status":"closed","sticky":false,"template":"","format":"standard","meta":{"footnotes":""},"categories":[11,2429,3303],"tags":[3304,2304,3512],"class_list":["post-33001","post","type-post","status-publish","format-standard","has-post-thumbnail","hentry","category-ascomycota","category-clase-lecanoromycetes","category-orden-pertusariales","tag-genero-pertusaria","tag-hongos-liquenizados","tag-l-epifitos"],"yoast_head":"<!-- This site is optimized with the Yoast SEO plugin v28.2 - https:\/\/yoast.com\/product\/yoast-seo-wordpress\/ -->\n<title>\u00a0Pertusaria leioplaca  (Ach.) DC  &#8226; CEMAS &#8226; Orden Pertusariales<\/title>\n<meta name=\"description\" content=\"Talo crust\u00e1ceo, de color blanquecino o gris p\u00e1lido, de unos 3 cm de di\u00e1metro, con verrugas o protuberancias, que crece en las ramas de avellano\" \/>\n<meta name=\"robots\" content=\"index, follow, max-snippet:-1, max-image-preview:large, max-video-preview:-1\" \/>\n<link rel=\"canonical\" href=\"https:\/\/www.centrodeestudiosmicologicosasturianos.org\/?p=33001\" \/>\n<meta property=\"og:locale\" content=\"es_ES\" \/>\n<meta property=\"og:type\" content=\"article\" \/>\n<meta property=\"og:title\" content=\"\u00a0Pertusaria leioplaca  (Ach.) DC  &#8226; CEMAS &#8226; Orden Pertusariales\" \/>\n<meta property=\"og:description\" content=\"Talo crust\u00e1ceo, de color blanquecino o gris p\u00e1lido, de unos 3 cm de di\u00e1metro, con verrugas o protuberancias, que crece en las ramas de avellano\" \/>\n<meta property=\"og:url\" content=\"https:\/\/www.centrodeestudiosmicologicosasturianos.org\/?p=33001\" \/>\n<meta property=\"og:site_name\" content=\"CEMAS\" \/>\n<meta property=\"article:publisher\" content=\"https:\/\/www.facebook.com\/Centro-de-estudios-micol%c3%b3gicos-asturianos-1971903719797261\/?modal=admin_todo_tour\" \/>\n<meta property=\"article:published_time\" content=\"2020-09-01T18:50:47+00:00\" \/>\n<meta property=\"article:modified_time\" content=\"2025-01-11T13:02:03+00:00\" \/>\n<meta property=\"og:image\" content=\"https:\/\/www.centrodeestudiosmicologicosasturianos.org\/wp-content\/uploads\/2020\/09\/Pertusaria-leioplaca-DC.-2.jpg\" \/>\n\t<meta property=\"og:image:width\" content=\"1000\" \/>\n\t<meta property=\"og:image:height\" content=\"667\" \/>\n\t<meta property=\"og:image:type\" content=\"image\/jpeg\" \/>\n<meta name=\"author\" content=\"Marta Gonz\u00e1lez Garc\u00eda\" \/>\n<meta name=\"twitter:card\" content=\"summary_large_image\" \/>\n<meta name=\"twitter:label1\" content=\"Escrito por\" \/>\n\t<meta name=\"twitter:data1\" content=\"Marta Gonz\u00e1lez Garc\u00eda\" \/>\n\t<meta name=\"twitter:label2\" content=\"Tiempo de lectura\" \/>\n\t<meta name=\"twitter:data2\" content=\"2 minutos\" \/>\n<script type=\"application\/ld+json\" class=\"yoast-schema-graph\">{\"@context\":\"https:\\\/\\\/schema.org\",\"@graph\":[{\"@type\":\"Article\",\"@id\":\"https:\\\/\\\/www.centrodeestudiosmicologicosasturianos.org\\\/?p=33001#article\",\"isPartOf\":{\"@id\":\"https:\\\/\\\/www.centrodeestudiosmicologicosasturianos.org\\\/?p=33001\"},\"author\":{\"name\":\"Marta Gonz\u00e1lez Garc\u00eda\",\"@id\":\"https:\\\/\\\/www.centrodeestudiosmicologicosasturianos.org\\\/#\\\/schema\\\/person\\\/2597325dde8075da678df9db4eeb3e8c\"},\"headline\":\"\u00a0Pertusaria leioplaca (Ach.) DC\",\"datePublished\":\"2020-09-01T18:50:47+00:00\",\"dateModified\":\"2025-01-11T13:02:03+00:00\",\"mainEntityOfPage\":{\"@id\":\"https:\\\/\\\/www.centrodeestudiosmicologicosasturianos.org\\\/?p=33001\"},\"wordCount\":198,\"publisher\":{\"@id\":\"https:\\\/\\\/www.centrodeestudiosmicologicosasturianos.org\\\/#organization\"},\"image\":{\"@id\":\"https:\\\/\\\/www.centrodeestudiosmicologicosasturianos.org\\\/?p=33001#primaryimage\"},\"thumbnailUrl\":\"https:\\\/\\\/www.centrodeestudiosmicologicosasturianos.org\\\/wp-content\\\/uploads\\\/2020\\\/09\\\/Pertusaria-leioplaca-DC.-2.jpg\",\"keywords\":[\"G\u00e9nero Pertusaria\",\"Hongos liquenizados\",\"L\u00edquenes ep\u00edfitos\"],\"articleSection\":[\"Ascomycota\",\"Clase Lecanoromycetes\",\"Orden Pertusariales\"],\"inLanguage\":\"es\"},{\"@type\":\"WebPage\",\"@id\":\"https:\\\/\\\/www.centrodeestudiosmicologicosasturianos.org\\\/?p=33001\",\"url\":\"https:\\\/\\\/www.centrodeestudiosmicologicosasturianos.org\\\/?p=33001\",\"name\":\"\u00a0Pertusaria leioplaca (Ach.) DC &#8226; CEMAS &#8226; Orden Pertusariales\",\"isPartOf\":{\"@id\":\"https:\\\/\\\/www.centrodeestudiosmicologicosasturianos.org\\\/#website\"},\"primaryImageOfPage\":{\"@id\":\"https:\\\/\\\/www.centrodeestudiosmicologicosasturianos.org\\\/?p=33001#primaryimage\"},\"image\":{\"@id\":\"https:\\\/\\\/www.centrodeestudiosmicologicosasturianos.org\\\/?p=33001#primaryimage\"},\"thumbnailUrl\":\"https:\\\/\\\/www.centrodeestudiosmicologicosasturianos.org\\\/wp-content\\\/uploads\\\/2020\\\/09\\\/Pertusaria-leioplaca-DC.-2.jpg\",\"datePublished\":\"2020-09-01T18:50:47+00:00\",\"dateModified\":\"2025-01-11T13:02:03+00:00\",\"description\":\"Talo crust\u00e1ceo, de color blanquecino o gris p\u00e1lido, de unos 3 cm de di\u00e1metro, con verrugas o protuberancias, que crece en las ramas de avellano\",\"breadcrumb\":{\"@id\":\"https:\\\/\\\/www.centrodeestudiosmicologicosasturianos.org\\\/?p=33001#breadcrumb\"},\"inLanguage\":\"es\",\"potentialAction\":[{\"@type\":\"ReadAction\",\"target\":[\"https:\\\/\\\/www.centrodeestudiosmicologicosasturianos.org\\\/?p=33001\"]}]},{\"@type\":\"ImageObject\",\"inLanguage\":\"es\",\"@id\":\"https:\\\/\\\/www.centrodeestudiosmicologicosasturianos.org\\\/?p=33001#primaryimage\",\"url\":\"https:\\\/\\\/www.centrodeestudiosmicologicosasturianos.org\\\/wp-content\\\/uploads\\\/2020\\\/09\\\/Pertusaria-leioplaca-DC.-2.jpg\",\"contentUrl\":\"https:\\\/\\\/www.centrodeestudiosmicologicosasturianos.org\\\/wp-content\\\/uploads\\\/2020\\\/09\\\/Pertusaria-leioplaca-DC.-2.jpg\",\"width\":1000,\"height\":667,\"caption\":\"Pertusaria leioplaca. Foto: Marta Gonz\u00e1lez\"},{\"@type\":\"BreadcrumbList\",\"@id\":\"https:\\\/\\\/www.centrodeestudiosmicologicosasturianos.org\\\/?p=33001#breadcrumb\",\"itemListElement\":[{\"@type\":\"ListItem\",\"position\":1,\"name\":\"Portada\",\"item\":\"https:\\\/\\\/www.centrodeestudiosmicologicosasturianos.org\\\/\"},{\"@type\":\"ListItem\",\"position\":2,\"name\":\"\u00a0Pertusaria leioplaca (Ach.) DC\"}]},{\"@type\":\"WebSite\",\"@id\":\"https:\\\/\\\/www.centrodeestudiosmicologicosasturianos.org\\\/#website\",\"url\":\"https:\\\/\\\/www.centrodeestudiosmicologicosasturianos.org\\\/\",\"name\":\"CEMAS\",\"description\":\"Asociaci\u00f3n cultural\",\"publisher\":{\"@id\":\"https:\\\/\\\/www.centrodeestudiosmicologicosasturianos.org\\\/#organization\"},\"potentialAction\":[{\"@type\":\"SearchAction\",\"target\":{\"@type\":\"EntryPoint\",\"urlTemplate\":\"https:\\\/\\\/www.centrodeestudiosmicologicosasturianos.org\\\/?s={search_term_string}\"},\"query-input\":{\"@type\":\"PropertyValueSpecification\",\"valueRequired\":true,\"valueName\":\"search_term_string\"}}],\"inLanguage\":\"es\"},{\"@type\":\"Organization\",\"@id\":\"https:\\\/\\\/www.centrodeestudiosmicologicosasturianos.org\\\/#organization\",\"name\":\"Centro de estudios micol\u00f3gicos asturianos\",\"url\":\"https:\\\/\\\/www.centrodeestudiosmicologicosasturianos.org\\\/\",\"logo\":{\"@type\":\"ImageObject\",\"inLanguage\":\"es\",\"@id\":\"https:\\\/\\\/www.centrodeestudiosmicologicosasturianos.org\\\/#\\\/schema\\\/logo\\\/image\\\/\",\"url\":\"http:\\\/\\\/www.centrodeestudiosmicologicosasturianos.org\\\/wp-content\\\/uploads\\\/2018\\\/05\\\/0011.jpg\",\"contentUrl\":\"http:\\\/\\\/www.centrodeestudiosmicologicosasturianos.org\\\/wp-content\\\/uploads\\\/2018\\\/05\\\/0011.jpg\",\"width\":200,\"height\":133,\"caption\":\"Centro de estudios micol\u00f3gicos asturianos\"},\"image\":{\"@id\":\"https:\\\/\\\/www.centrodeestudiosmicologicosasturianos.org\\\/#\\\/schema\\\/logo\\\/image\\\/\"},\"sameAs\":[\"https:\\\/\\\/www.facebook.com\\\/Centro-de-estudios-micol\u00f3gicos-asturianos-1971903719797261\\\/?modal=admin_todo_tour\",\"https:\\\/\\\/www.youtube.com\\\/channel\\\/UCYK4Yp2SmHbBgJd2LJXmMeg?view_as=subscriber\"]},{\"@type\":\"Person\",\"@id\":\"https:\\\/\\\/www.centrodeestudiosmicologicosasturianos.org\\\/#\\\/schema\\\/person\\\/2597325dde8075da678df9db4eeb3e8c\",\"name\":\"Marta Gonz\u00e1lez Garc\u00eda\",\"image\":{\"@type\":\"ImageObject\",\"inLanguage\":\"es\",\"@id\":\"https:\\\/\\\/secure.gravatar.com\\\/avatar\\\/27f20f8de853699569d12e9b0b7abca0262231d6c623c9116a9a276923353603?s=96&d=mm&r=g\",\"url\":\"https:\\\/\\\/secure.gravatar.com\\\/avatar\\\/27f20f8de853699569d12e9b0b7abca0262231d6c623c9116a9a276923353603?s=96&d=mm&r=g\",\"contentUrl\":\"https:\\\/\\\/secure.gravatar.com\\\/avatar\\\/27f20f8de853699569d12e9b0b7abca0262231d6c623c9116a9a276923353603?s=96&d=mm&r=g\",\"caption\":\"Marta Gonz\u00e1lez Garc\u00eda\"},\"url\":\"https:\\\/\\\/www.centrodeestudiosmicologicosasturianos.org\\\/?author=4\"}]}<\/script>\n<!-- \/ Yoast SEO plugin. -->","yoast_head_json":{"title":"\u00a0Pertusaria leioplaca  (Ach.) DC  &#8226; CEMAS &#8226; Orden Pertusariales","description":"Talo crust\u00e1ceo, de color blanquecino o gris p\u00e1lido, de unos 3 cm de di\u00e1metro, con verrugas o protuberancias, que crece en las ramas de avellano","robots":{"index":"index","follow":"follow","max-snippet":"max-snippet:-1","max-image-preview":"max-image-preview:large","max-video-preview":"max-video-preview:-1"},"canonical":"https:\/\/www.centrodeestudiosmicologicosasturianos.org\/?p=33001","og_locale":"es_ES","og_type":"article","og_title":"\u00a0Pertusaria leioplaca  (Ach.) DC  &#8226; CEMAS &#8226; Orden Pertusariales","og_description":"Talo crust\u00e1ceo, de color blanquecino o gris p\u00e1lido, de unos 3 cm de di\u00e1metro, con verrugas o protuberancias, que crece en las ramas de avellano","og_url":"https:\/\/www.centrodeestudiosmicologicosasturianos.org\/?p=33001","og_site_name":"CEMAS","article_publisher":"https:\/\/www.facebook.com\/Centro-de-estudios-micol%c3%b3gicos-asturianos-1971903719797261\/?modal=admin_todo_tour","article_published_time":"2020-09-01T18:50:47+00:00","article_modified_time":"2025-01-11T13:02:03+00:00","og_image":[{"width":1000,"height":667,"url":"https:\/\/www.centrodeestudiosmicologicosasturianos.org\/wp-content\/uploads\/2020\/09\/Pertusaria-leioplaca-DC.-2.jpg","type":"image\/jpeg"}],"author":"Marta Gonz\u00e1lez Garc\u00eda","twitter_card":"summary_large_image","twitter_misc":{"Escrito por":"Marta Gonz\u00e1lez Garc\u00eda","Tiempo de lectura":"2 minutos"},"schema":{"@context":"https:\/\/schema.org","@graph":[{"@type":"Article","@id":"https:\/\/www.centrodeestudiosmicologicosasturianos.org\/?p=33001#article","isPartOf":{"@id":"https:\/\/www.centrodeestudiosmicologicosasturianos.org\/?p=33001"},"author":{"name":"Marta Gonz\u00e1lez Garc\u00eda","@id":"https:\/\/www.centrodeestudiosmicologicosasturianos.org\/#\/schema\/person\/2597325dde8075da678df9db4eeb3e8c"},"headline":"\u00a0Pertusaria leioplaca (Ach.) DC","datePublished":"2020-09-01T18:50:47+00:00","dateModified":"2025-01-11T13:02:03+00:00","mainEntityOfPage":{"@id":"https:\/\/www.centrodeestudiosmicologicosasturianos.org\/?p=33001"},"wordCount":198,"publisher":{"@id":"https:\/\/www.centrodeestudiosmicologicosasturianos.org\/#organization"},"image":{"@id":"https:\/\/www.centrodeestudiosmicologicosasturianos.org\/?p=33001#primaryimage"},"thumbnailUrl":"https:\/\/www.centrodeestudiosmicologicosasturianos.org\/wp-content\/uploads\/2020\/09\/Pertusaria-leioplaca-DC.-2.jpg","keywords":["G\u00e9nero Pertusaria","Hongos liquenizados","L\u00edquenes ep\u00edfitos"],"articleSection":["Ascomycota","Clase Lecanoromycetes","Orden Pertusariales"],"inLanguage":"es"},{"@type":"WebPage","@id":"https:\/\/www.centrodeestudiosmicologicosasturianos.org\/?p=33001","url":"https:\/\/www.centrodeestudiosmicologicosasturianos.org\/?p=33001","name":"\u00a0Pertusaria leioplaca (Ach.) DC &#8226; CEMAS &#8226; Orden Pertusariales","isPartOf":{"@id":"https:\/\/www.centrodeestudiosmicologicosasturianos.org\/#website"},"primaryImageOfPage":{"@id":"https:\/\/www.centrodeestudiosmicologicosasturianos.org\/?p=33001#primaryimage"},"image":{"@id":"https:\/\/www.centrodeestudiosmicologicosasturianos.org\/?p=33001#primaryimage"},"thumbnailUrl":"https:\/\/www.centrodeestudiosmicologicosasturianos.org\/wp-content\/uploads\/2020\/09\/Pertusaria-leioplaca-DC.-2.jpg","datePublished":"2020-09-01T18:50:47+00:00","dateModified":"2025-01-11T13:02:03+00:00","description":"Talo crust\u00e1ceo, de color blanquecino o gris p\u00e1lido, de unos 3 cm de di\u00e1metro, con verrugas o protuberancias, que crece en las ramas de avellano","breadcrumb":{"@id":"https:\/\/www.centrodeestudiosmicologicosasturianos.org\/?p=33001#breadcrumb"},"inLanguage":"es","potentialAction":[{"@type":"ReadAction","target":["https:\/\/www.centrodeestudiosmicologicosasturianos.org\/?p=33001"]}]},{"@type":"ImageObject","inLanguage":"es","@id":"https:\/\/www.centrodeestudiosmicologicosasturianos.org\/?p=33001#primaryimage","url":"https:\/\/www.centrodeestudiosmicologicosasturianos.org\/wp-content\/uploads\/2020\/09\/Pertusaria-leioplaca-DC.-2.jpg","contentUrl":"https:\/\/www.centrodeestudiosmicologicosasturianos.org\/wp-content\/uploads\/2020\/09\/Pertusaria-leioplaca-DC.-2.jpg","width":1000,"height":667,"caption":"Pertusaria leioplaca. Foto: Marta Gonz\u00e1lez"},{"@type":"BreadcrumbList","@id":"https:\/\/www.centrodeestudiosmicologicosasturianos.org\/?p=33001#breadcrumb","itemListElement":[{"@type":"ListItem","position":1,"name":"Portada","item":"https:\/\/www.centrodeestudiosmicologicosasturianos.org\/"},{"@type":"ListItem","position":2,"name":"\u00a0Pertusaria leioplaca (Ach.) DC"}]},{"@type":"WebSite","@id":"https:\/\/www.centrodeestudiosmicologicosasturianos.org\/#website","url":"https:\/\/www.centrodeestudiosmicologicosasturianos.org\/","name":"CEMAS","description":"Asociaci\u00f3n cultural","publisher":{"@id":"https:\/\/www.centrodeestudiosmicologicosasturianos.org\/#organization"},"potentialAction":[{"@type":"SearchAction","target":{"@type":"EntryPoint","urlTemplate":"https:\/\/www.centrodeestudiosmicologicosasturianos.org\/?s={search_term_string}"},"query-input":{"@type":"PropertyValueSpecification","valueRequired":true,"valueName":"search_term_string"}}],"inLanguage":"es"},{"@type":"Organization","@id":"https:\/\/www.centrodeestudiosmicologicosasturianos.org\/#organization","name":"Centro de estudios micol\u00f3gicos asturianos","url":"https:\/\/www.centrodeestudiosmicologicosasturianos.org\/","logo":{"@type":"ImageObject","inLanguage":"es","@id":"https:\/\/www.centrodeestudiosmicologicosasturianos.org\/#\/schema\/logo\/image\/","url":"http:\/\/www.centrodeestudiosmicologicosasturianos.org\/wp-content\/uploads\/2018\/05\/0011.jpg","contentUrl":"http:\/\/www.centrodeestudiosmicologicosasturianos.org\/wp-content\/uploads\/2018\/05\/0011.jpg","width":200,"height":133,"caption":"Centro de estudios micol\u00f3gicos asturianos"},"image":{"@id":"https:\/\/www.centrodeestudiosmicologicosasturianos.org\/#\/schema\/logo\/image\/"},"sameAs":["https:\/\/www.facebook.com\/Centro-de-estudios-micol\u00f3gicos-asturianos-1971903719797261\/?modal=admin_todo_tour","https:\/\/www.youtube.com\/channel\/UCYK4Yp2SmHbBgJd2LJXmMeg?view_as=subscriber"]},{"@type":"Person","@id":"https:\/\/www.centrodeestudiosmicologicosasturianos.org\/#\/schema\/person\/2597325dde8075da678df9db4eeb3e8c","name":"Marta Gonz\u00e1lez Garc\u00eda","image":{"@type":"ImageObject","inLanguage":"es","@id":"https:\/\/secure.gravatar.com\/avatar\/27f20f8de853699569d12e9b0b7abca0262231d6c623c9116a9a276923353603?s=96&d=mm&r=g","url":"https:\/\/secure.gravatar.com\/avatar\/27f20f8de853699569d12e9b0b7abca0262231d6c623c9116a9a276923353603?s=96&d=mm&r=g","contentUrl":"https:\/\/secure.gravatar.com\/avatar\/27f20f8de853699569d12e9b0b7abca0262231d6c623c9116a9a276923353603?s=96&d=mm&r=g","caption":"Marta Gonz\u00e1lez Garc\u00eda"},"url":"https:\/\/www.centrodeestudiosmicologicosasturianos.org\/?author=4"}]}},"_links":{"self":[{"href":"https:\/\/www.centrodeestudiosmicologicosasturianos.org\/index.php?rest_route=\/wp\/v2\/posts\/33001","targetHints":{"allow":["GET"]}}],"collection":[{"href":"https:\/\/www.centrodeestudiosmicologicosasturianos.org\/index.php?rest_route=\/wp\/v2\/posts"}],"about":[{"href":"https:\/\/www.centrodeestudiosmicologicosasturianos.org\/index.php?rest_route=\/wp\/v2\/types\/post"}],"author":[{"embeddable":true,"href":"https:\/\/www.centrodeestudiosmicologicosasturianos.org\/index.php?rest_route=\/wp\/v2\/users\/4"}],"replies":[{"embeddable":true,"href":"https:\/\/www.centrodeestudiosmicologicosasturianos.org\/index.php?rest_route=%2Fwp%2Fv2%2Fcomments&post=33001"}],"version-history":[{"count":0,"href":"https:\/\/www.centrodeestudiosmicologicosasturianos.org\/index.php?rest_route=\/wp\/v2\/posts\/33001\/revisions"}],"wp:featuredmedia":[{"embeddable":true,"href":"https:\/\/www.centrodeestudiosmicologicosasturianos.org\/index.php?rest_route=\/wp\/v2\/media\/33002"}],"wp:attachment":[{"href":"https:\/\/www.centrodeestudiosmicologicosasturianos.org\/index.php?rest_route=%2Fwp%2Fv2%2Fmedia&parent=33001"}],"wp:term":[{"taxonomy":"category","embeddable":true,"href":"https:\/\/www.centrodeestudiosmicologicosasturianos.org\/index.php?rest_route=%2Fwp%2Fv2%2Fcategories&post=33001"},{"taxonomy":"post_tag","embeddable":true,"href":"https:\/\/www.centrodeestudiosmicologicosasturianos.org\/index.php?rest_route=%2Fwp%2Fv2%2Ftags&post=33001"}],"curies":[{"name":"wp","href":"https:\/\/api.w.org\/{rel}","templated":true}]}}