{"id":13674,"date":"2018-12-14T13:29:06","date_gmt":"2018-12-14T12:29:06","guid":{"rendered":"http:\/\/www.centrodeestudiosmicologicosasturianos.org\/?p=13674"},"modified":"2020-04-30T20:29:58","modified_gmt":"2020-04-30T19:29:58","slug":"clavaria-incarnata-weinm","status":"publish","type":"post","link":"https:\/\/www.centrodeestudiosmicologicosasturianos.org\/?p=13674","title":{"rendered":"<h2 style=\"font-style: italic;display:inline;text-transform:none;\"> Clavaria incarnata <\/h2><h4 style=\"font-style: normal;display:inline;\"> Weinm.<\/h4>"},"content":{"rendered":"<p>Gij\u00f3n, Jard\u00edn Bot\u00e1nico Atl\u00e1ntico (Asturias), 12-XII-2018, en un talud h\u00famedo y sombr\u00edo bajo planifolios variados, especialmente\u00a0<i>Laurus nobilis<\/i>,\u00a0<i>leg<\/i>. M. Gonz\u00e1lez,\u00a0<i>det<\/i>. E. Rubio.<\/p>\n<div id=\"attachment_13675\" style=\"width: 282px\" class=\"wp-caption alignleft\"><a href=\"https:\/\/www.centrodeestudiosmicologicosasturianos.org\/wp-content\/uploads\/2018\/12\/Clavaria-incarnata.-Micrograf\u00eda.-Gij\u00f3n-Jard\u00edn-Bot\u00e1nico-Atl\u00e1ntico-12-XII-2018-suelo-h\u00famedo.jpg\" target=\"_blank\" rel=\"noopener noreferrer\"><img loading=\"lazy\" decoding=\"async\" aria-describedby=\"caption-attachment-13675\" class=\"wp-image-13675\" src=\"https:\/\/www.centrodeestudiosmicologicosasturianos.org\/wp-content\/uploads\/2018\/12\/Clavaria-incarnata.-Micrograf\u00eda.-Gij\u00f3n-Jard\u00edn-Bot\u00e1nico-Atl\u00e1ntico-12-XII-2018-suelo-h\u00famedo-251x300.jpg\" alt=\"Clavaria incarnata\" width=\"282\" height=\"337\" srcset=\"https:\/\/www.centrodeestudiosmicologicosasturianos.org\/wp-content\/uploads\/2018\/12\/Clavaria-incarnata.-Micrograf\u00eda.-Gij\u00f3n-Jard\u00edn-Bot\u00e1nico-Atl\u00e1ntico-12-XII-2018-suelo-h\u00famedo-251x300.jpg 251w, https:\/\/www.centrodeestudiosmicologicosasturianos.org\/wp-content\/uploads\/2018\/12\/Clavaria-incarnata.-Micrograf\u00eda.-Gij\u00f3n-Jard\u00edn-Bot\u00e1nico-Atl\u00e1ntico-12-XII-2018-suelo-h\u00famedo-768x916.jpg 768w, https:\/\/www.centrodeestudiosmicologicosasturianos.org\/wp-content\/uploads\/2018\/12\/Clavaria-incarnata.-Micrograf\u00eda.-Gij\u00f3n-Jard\u00edn-Bot\u00e1nico-Atl\u00e1ntico-12-XII-2018-suelo-h\u00famedo-858x1024.jpg 858w, https:\/\/www.centrodeestudiosmicologicosasturianos.org\/wp-content\/uploads\/2018\/12\/Clavaria-incarnata.-Micrograf\u00eda.-Gij\u00f3n-Jard\u00edn-Bot\u00e1nico-Atl\u00e1ntico-12-XII-2018-suelo-h\u00famedo-360x430.jpg 360w, https:\/\/www.centrodeestudiosmicologicosasturianos.org\/wp-content\/uploads\/2018\/12\/Clavaria-incarnata.-Micrograf\u00eda.-Gij\u00f3n-Jard\u00edn-Bot\u00e1nico-Atl\u00e1ntico-12-XII-2018-suelo-h\u00famedo-750x895.jpg 750w, https:\/\/www.centrodeestudiosmicologicosasturianos.org\/wp-content\/uploads\/2018\/12\/Clavaria-incarnata.-Micrograf\u00eda.-Gij\u00f3n-Jard\u00edn-Bot\u00e1nico-Atl\u00e1ntico-12-XII-2018-suelo-h\u00famedo.jpg 1181w\" sizes=\"auto, (max-width: 282px) 100vw, 282px\" \/><\/a><p id=\"caption-attachment-13675\" class=\"wp-caption-text\">Clavaria incarnata. Foto: Enrique Rubio.<\/p><\/div>\n<div id=\"attachment_23275\" style=\"width: 428px\" class=\"wp-caption alignright\"><a href=\"https:\/\/www.centrodeestudiosmicologicosasturianos.org\/wp-content\/uploads\/2018\/12\/Clavaria-incarnata.-Santiago-del-Monte-Castrill\u00f3n-29-XI-2019-suelo-herboso-con-briofitos.jpg\" target=\"_blank\" rel=\"noopener noreferrer\"><img loading=\"lazy\" decoding=\"async\" aria-describedby=\"caption-attachment-23275\" class=\"wp-image-23275 \" src=\"https:\/\/www.centrodeestudiosmicologicosasturianos.org\/wp-content\/uploads\/2018\/12\/Clavaria-incarnata.-Santiago-del-Monte-Castrill\u00f3n-29-XI-2019-suelo-herboso-con-briofitos-300x200.jpg\" alt=\"\" width=\"428\" height=\"285\" srcset=\"https:\/\/www.centrodeestudiosmicologicosasturianos.org\/wp-content\/uploads\/2018\/12\/Clavaria-incarnata.-Santiago-del-Monte-Castrill\u00f3n-29-XI-2019-suelo-herboso-con-briofitos-300x200.jpg 300w, https:\/\/www.centrodeestudiosmicologicosasturianos.org\/wp-content\/uploads\/2018\/12\/Clavaria-incarnata.-Santiago-del-Monte-Castrill\u00f3n-29-XI-2019-suelo-herboso-con-briofitos-768x512.jpg 768w, https:\/\/www.centrodeestudiosmicologicosasturianos.org\/wp-content\/uploads\/2018\/12\/Clavaria-incarnata.-Santiago-del-Monte-Castrill\u00f3n-29-XI-2019-suelo-herboso-con-briofitos-360x240.jpg 360w, https:\/\/www.centrodeestudiosmicologicosasturianos.org\/wp-content\/uploads\/2018\/12\/Clavaria-incarnata.-Santiago-del-Monte-Castrill\u00f3n-29-XI-2019-suelo-herboso-con-briofitos-750x500.jpg 750w, https:\/\/www.centrodeestudiosmicologicosasturianos.org\/wp-content\/uploads\/2018\/12\/Clavaria-incarnata.-Santiago-del-Monte-Castrill\u00f3n-29-XI-2019-suelo-herboso-con-briofitos.jpg 945w\" sizes=\"auto, (max-width: 428px) 100vw, 428px\" \/><\/a><p id=\"caption-attachment-23275\" class=\"wp-caption-text\">Clavaria incarnata. Santiago del Monte (Castrill\u00f3n-Asturias), 29-XI-2019, suelo herboso con briofitos. Foto: Enrique Rubio.<\/p><\/div>\n<div id=\"attachment_23277\" style=\"width: 200px\" class=\"wp-caption alignright\"><a href=\"https:\/\/www.centrodeestudiosmicologicosasturianos.org\/wp-content\/uploads\/2018\/12\/Clavaria-incarnata.-Esporas-x-1.000.-Santiago-del-Monte-Castrill\u00f3n-29-XI-2019-suelo-herboso-con-briofitos.jpg\"><img loading=\"lazy\" decoding=\"async\" aria-describedby=\"caption-attachment-23277\" class=\"size-medium wp-image-23277\" src=\"https:\/\/www.centrodeestudiosmicologicosasturianos.org\/wp-content\/uploads\/2018\/12\/Clavaria-incarnata.-Esporas-x-1.000.-Santiago-del-Monte-Castrill\u00f3n-29-XI-2019-suelo-herboso-con-briofitos-200x300.jpg\" alt=\"\" width=\"200\" height=\"300\" srcset=\"https:\/\/www.centrodeestudiosmicologicosasturianos.org\/wp-content\/uploads\/2018\/12\/Clavaria-incarnata.-Esporas-x-1.000.-Santiago-del-Monte-Castrill\u00f3n-29-XI-2019-suelo-herboso-con-briofitos-200x300.jpg 200w, https:\/\/www.centrodeestudiosmicologicosasturianos.org\/wp-content\/uploads\/2018\/12\/Clavaria-incarnata.-Esporas-x-1.000.-Santiago-del-Monte-Castrill\u00f3n-29-XI-2019-suelo-herboso-con-briofitos-768x1154.jpg 768w, https:\/\/www.centrodeestudiosmicologicosasturianos.org\/wp-content\/uploads\/2018\/12\/Clavaria-incarnata.-Esporas-x-1.000.-Santiago-del-Monte-Castrill\u00f3n-29-XI-2019-suelo-herboso-con-briofitos-681x1024.jpg 681w, https:\/\/www.centrodeestudiosmicologicosasturianos.org\/wp-content\/uploads\/2018\/12\/Clavaria-incarnata.-Esporas-x-1.000.-Santiago-del-Monte-Castrill\u00f3n-29-XI-2019-suelo-herboso-con-briofitos-360x541.jpg 360w, https:\/\/www.centrodeestudiosmicologicosasturianos.org\/wp-content\/uploads\/2018\/12\/Clavaria-incarnata.-Esporas-x-1.000.-Santiago-del-Monte-Castrill\u00f3n-29-XI-2019-suelo-herboso-con-briofitos-750x1127.jpg 750w, https:\/\/www.centrodeestudiosmicologicosasturianos.org\/wp-content\/uploads\/2018\/12\/Clavaria-incarnata.-Esporas-x-1.000.-Santiago-del-Monte-Castrill\u00f3n-29-XI-2019-suelo-herboso-con-briofitos.jpg 827w\" sizes=\"auto, (max-width: 200px) 100vw, 200px\" \/><\/a><p id=\"caption-attachment-23277\" class=\"wp-caption-text\">Clavaria incarnata. Esporas x 1.000. Santiago del Monte (Castrill\u00f3n-Asturias), 29-XI-2019, suelo herboso con briofitos. Foto: Enrique Rubio.<\/p><\/div>\n<div id=\"attachment_23278\" style=\"width: 385px\" class=\"wp-caption alignleft\"><a href=\"https:\/\/www.centrodeestudiosmicologicosasturianos.org\/wp-content\/uploads\/2018\/12\/Clavaria-incarnata.-Micrograf\u00eda.-Santiago-del-Monte-Castrill\u00f3n-29-XI-2019-suelo-herboso-con-briofitos.jpg\"><img loading=\"lazy\" decoding=\"async\" aria-describedby=\"caption-attachment-23278\" class=\" wp-image-23278\" src=\"https:\/\/www.centrodeestudiosmicologicosasturianos.org\/wp-content\/uploads\/2018\/12\/Clavaria-incarnata.-Micrograf\u00eda.-Santiago-del-Monte-Castrill\u00f3n-29-XI-2019-suelo-herboso-con-briofitos-300x227.jpg\" alt=\"\" width=\"385\" height=\"291\" srcset=\"https:\/\/www.centrodeestudiosmicologicosasturianos.org\/wp-content\/uploads\/2018\/12\/Clavaria-incarnata.-Micrograf\u00eda.-Santiago-del-Monte-Castrill\u00f3n-29-XI-2019-suelo-herboso-con-briofitos-300x227.jpg 300w, https:\/\/www.centrodeestudiosmicologicosasturianos.org\/wp-content\/uploads\/2018\/12\/Clavaria-incarnata.-Micrograf\u00eda.-Santiago-del-Monte-Castrill\u00f3n-29-XI-2019-suelo-herboso-con-briofitos-768x580.jpg 768w, https:\/\/www.centrodeestudiosmicologicosasturianos.org\/wp-content\/uploads\/2018\/12\/Clavaria-incarnata.-Micrograf\u00eda.-Santiago-del-Monte-Castrill\u00f3n-29-XI-2019-suelo-herboso-con-briofitos-1024x773.jpg 1024w, https:\/\/www.centrodeestudiosmicologicosasturianos.org\/wp-content\/uploads\/2018\/12\/Clavaria-incarnata.-Micrograf\u00eda.-Santiago-del-Monte-Castrill\u00f3n-29-XI-2019-suelo-herboso-con-briofitos-360x272.jpg 360w, https:\/\/www.centrodeestudiosmicologicosasturianos.org\/wp-content\/uploads\/2018\/12\/Clavaria-incarnata.-Micrograf\u00eda.-Santiago-del-Monte-Castrill\u00f3n-29-XI-2019-suelo-herboso-con-briofitos-750x566.jpg 750w, https:\/\/www.centrodeestudiosmicologicosasturianos.org\/wp-content\/uploads\/2018\/12\/Clavaria-incarnata.-Micrograf\u00eda.-Santiago-del-Monte-Castrill\u00f3n-29-XI-2019-suelo-herboso-con-briofitos.jpg 1181w\" sizes=\"auto, (max-width: 385px) 100vw, 385px\" \/><\/a><p id=\"caption-attachment-23278\" class=\"wp-caption-text\">Clavaria incarnata. Santiago del Monte (Castrill\u00f3n-Asturias), 29-XI-2019, suelo herboso con briofitos. Foto: Enrique Rubio.<\/p><\/div>\n","protected":false},"excerpt":{"rendered":"<p>Gij\u00f3n, Jard\u00edn Bot\u00e1nico Atl\u00e1ntico (Asturias), 12-XII-2018, en un talud h\u00famedo y sombr\u00edo bajo planifolios variados,<\/p>\n","protected":false},"author":2,"featured_media":13676,"comment_status":"closed","ping_status":"closed","sticky":false,"template":"","format":"standard","meta":{"footnotes":""},"categories":[21,2438,474],"tags":[1216],"class_list":["post-13674","post","type-post","status-publish","format-standard","has-post-thumbnail","hentry","category-basidiomycota","category-clase-agaricomycetes","category-orden-cantharellales","tag-clavaria-falcata"],"yoast_head":"<!-- This site is optimized with the Yoast SEO plugin v28.2 - https:\/\/yoast.com\/product\/yoast-seo-wordpress\/ -->\n<title>Clavaria incarnata  Weinm. &#8226; CEMAS Orden Cantharellales, Basidiomycota<\/title>\n<meta name=\"description\" content=\"Clavaria incarnata, Orden Cantharellales, Basidiomycota, Gij\u00f3n, Jard\u00edn Bot\u00e1nico Atl\u00e1ntico (Asturias), 12-XII-2018, en un talud h\u00famedo y sombr\u00edo bajo\" \/>\n<meta name=\"robots\" content=\"index, follow, max-snippet:-1, max-image-preview:large, max-video-preview:-1\" \/>\n<link rel=\"canonical\" href=\"https:\/\/www.centrodeestudiosmicologicosasturianos.org\/?p=13674\" \/>\n<meta property=\"og:locale\" content=\"es_ES\" \/>\n<meta property=\"og:type\" content=\"article\" \/>\n<meta property=\"og:title\" content=\"Clavaria incarnata  Weinm. &#8226; CEMAS Orden Cantharellales, Basidiomycota\" \/>\n<meta property=\"og:description\" content=\"Clavaria incarnata, Orden Cantharellales, Basidiomycota, Gij\u00f3n, Jard\u00edn Bot\u00e1nico Atl\u00e1ntico (Asturias), 12-XII-2018, en un talud h\u00famedo y sombr\u00edo bajo\" \/>\n<meta property=\"og:url\" content=\"https:\/\/www.centrodeestudiosmicologicosasturianos.org\/?p=13674\" \/>\n<meta property=\"og:site_name\" content=\"CEMAS\" \/>\n<meta property=\"article:publisher\" content=\"https:\/\/www.facebook.com\/Centro-de-estudios-micol%c3%b3gicos-asturianos-1971903719797261\/?modal=admin_todo_tour\" \/>\n<meta property=\"article:published_time\" content=\"2018-12-14T12:29:06+00:00\" \/>\n<meta property=\"article:modified_time\" content=\"2020-04-30T19:29:58+00:00\" \/>\n<meta property=\"og:image\" content=\"https:\/\/www.centrodeestudiosmicologicosasturianos.org\/wp-content\/uploads\/2018\/12\/Clavaria-incarnata.-Gij\u00f3n-Jard\u00edn-Bot\u00e1nico-Atl\u00e1ntico-23-XI-2013-suelo-musgoso.jpg\" \/>\n\t<meta property=\"og:image:width\" content=\"945\" \/>\n\t<meta property=\"og:image:height\" content=\"669\" \/>\n\t<meta property=\"og:image:type\" content=\"image\/jpeg\" \/>\n<meta name=\"author\" content=\"Enrique Rubio Dom\u00ednguez\" \/>\n<meta name=\"twitter:card\" content=\"summary_large_image\" \/>\n<meta name=\"twitter:label1\" content=\"Escrito por\" \/>\n\t<meta name=\"twitter:data1\" content=\"Enrique Rubio Dom\u00ednguez\" \/>\n\t<meta name=\"twitter:label2\" content=\"Tiempo de lectura\" \/>\n\t<meta name=\"twitter:data2\" content=\"1 minuto\" \/>\n<script type=\"application\/ld+json\" class=\"yoast-schema-graph\">{\"@context\":\"https:\\\/\\\/schema.org\",\"@graph\":[{\"@type\":\"Article\",\"@id\":\"https:\\\/\\\/www.centrodeestudiosmicologicosasturianos.org\\\/?p=13674#article\",\"isPartOf\":{\"@id\":\"https:\\\/\\\/www.centrodeestudiosmicologicosasturianos.org\\\/?p=13674\"},\"author\":{\"name\":\"Enrique Rubio Dom\u00ednguez\",\"@id\":\"https:\\\/\\\/www.centrodeestudiosmicologicosasturianos.org\\\/#\\\/schema\\\/person\\\/eb578bfc3200c2f01f538f9dc92acd9d\"},\"headline\":\"Clavaria incarnata Weinm.\",\"datePublished\":\"2018-12-14T12:29:06+00:00\",\"dateModified\":\"2020-04-30T19:29:58+00:00\",\"mainEntityOfPage\":{\"@id\":\"https:\\\/\\\/www.centrodeestudiosmicologicosasturianos.org\\\/?p=13674\"},\"wordCount\":114,\"publisher\":{\"@id\":\"https:\\\/\\\/www.centrodeestudiosmicologicosasturianos.org\\\/#organization\"},\"image\":{\"@id\":\"https:\\\/\\\/www.centrodeestudiosmicologicosasturianos.org\\\/?p=13674#primaryimage\"},\"thumbnailUrl\":\"https:\\\/\\\/www.centrodeestudiosmicologicosasturianos.org\\\/wp-content\\\/uploads\\\/2018\\\/12\\\/Clavaria-incarnata.-Gij\u00f3n-Jard\u00edn-Bot\u00e1nico-Atl\u00e1ntico-23-XI-2013-suelo-musgoso.jpg\",\"keywords\":[\"G\u00e9nero Clavaria\"],\"articleSection\":[\"Basidiomycota\",\"Clase Agaricomycetes\",\"Orden Cantharellales\"],\"inLanguage\":\"es\"},{\"@type\":\"WebPage\",\"@id\":\"https:\\\/\\\/www.centrodeestudiosmicologicosasturianos.org\\\/?p=13674\",\"url\":\"https:\\\/\\\/www.centrodeestudiosmicologicosasturianos.org\\\/?p=13674\",\"name\":\"Clavaria incarnata Weinm. &#8226; CEMAS Orden Cantharellales, Basidiomycota\",\"isPartOf\":{\"@id\":\"https:\\\/\\\/www.centrodeestudiosmicologicosasturianos.org\\\/#website\"},\"primaryImageOfPage\":{\"@id\":\"https:\\\/\\\/www.centrodeestudiosmicologicosasturianos.org\\\/?p=13674#primaryimage\"},\"image\":{\"@id\":\"https:\\\/\\\/www.centrodeestudiosmicologicosasturianos.org\\\/?p=13674#primaryimage\"},\"thumbnailUrl\":\"https:\\\/\\\/www.centrodeestudiosmicologicosasturianos.org\\\/wp-content\\\/uploads\\\/2018\\\/12\\\/Clavaria-incarnata.-Gij\u00f3n-Jard\u00edn-Bot\u00e1nico-Atl\u00e1ntico-23-XI-2013-suelo-musgoso.jpg\",\"datePublished\":\"2018-12-14T12:29:06+00:00\",\"dateModified\":\"2020-04-30T19:29:58+00:00\",\"description\":\"Clavaria incarnata, Orden Cantharellales, Basidiomycota, Gij\u00f3n, Jard\u00edn Bot\u00e1nico Atl\u00e1ntico (Asturias), 12-XII-2018, en un talud h\u00famedo y sombr\u00edo bajo\",\"breadcrumb\":{\"@id\":\"https:\\\/\\\/www.centrodeestudiosmicologicosasturianos.org\\\/?p=13674#breadcrumb\"},\"inLanguage\":\"es\",\"potentialAction\":[{\"@type\":\"ReadAction\",\"target\":[\"https:\\\/\\\/www.centrodeestudiosmicologicosasturianos.org\\\/?p=13674\"]}]},{\"@type\":\"ImageObject\",\"inLanguage\":\"es\",\"@id\":\"https:\\\/\\\/www.centrodeestudiosmicologicosasturianos.org\\\/?p=13674#primaryimage\",\"url\":\"https:\\\/\\\/www.centrodeestudiosmicologicosasturianos.org\\\/wp-content\\\/uploads\\\/2018\\\/12\\\/Clavaria-incarnata.-Gij\u00f3n-Jard\u00edn-Bot\u00e1nico-Atl\u00e1ntico-23-XI-2013-suelo-musgoso.jpg\",\"contentUrl\":\"https:\\\/\\\/www.centrodeestudiosmicologicosasturianos.org\\\/wp-content\\\/uploads\\\/2018\\\/12\\\/Clavaria-incarnata.-Gij\u00f3n-Jard\u00edn-Bot\u00e1nico-Atl\u00e1ntico-23-XI-2013-suelo-musgoso.jpg\",\"width\":945,\"height\":669,\"caption\":\"Clavaria incarnata . Foto: Enrique Rubio.\"},{\"@type\":\"BreadcrumbList\",\"@id\":\"https:\\\/\\\/www.centrodeestudiosmicologicosasturianos.org\\\/?p=13674#breadcrumb\",\"itemListElement\":[{\"@type\":\"ListItem\",\"position\":1,\"name\":\"Portada\",\"item\":\"https:\\\/\\\/www.centrodeestudiosmicologicosasturianos.org\\\/\"},{\"@type\":\"ListItem\",\"position\":2,\"name\":\"Clavaria incarnata Weinm.\"}]},{\"@type\":\"WebSite\",\"@id\":\"https:\\\/\\\/www.centrodeestudiosmicologicosasturianos.org\\\/#website\",\"url\":\"https:\\\/\\\/www.centrodeestudiosmicologicosasturianos.org\\\/\",\"name\":\"CEMAS\",\"description\":\"Asociaci\u00f3n cultural\",\"publisher\":{\"@id\":\"https:\\\/\\\/www.centrodeestudiosmicologicosasturianos.org\\\/#organization\"},\"potentialAction\":[{\"@type\":\"SearchAction\",\"target\":{\"@type\":\"EntryPoint\",\"urlTemplate\":\"https:\\\/\\\/www.centrodeestudiosmicologicosasturianos.org\\\/?s={search_term_string}\"},\"query-input\":{\"@type\":\"PropertyValueSpecification\",\"valueRequired\":true,\"valueName\":\"search_term_string\"}}],\"inLanguage\":\"es\"},{\"@type\":\"Organization\",\"@id\":\"https:\\\/\\\/www.centrodeestudiosmicologicosasturianos.org\\\/#organization\",\"name\":\"Centro de estudios micol\u00f3gicos asturianos\",\"url\":\"https:\\\/\\\/www.centrodeestudiosmicologicosasturianos.org\\\/\",\"logo\":{\"@type\":\"ImageObject\",\"inLanguage\":\"es\",\"@id\":\"https:\\\/\\\/www.centrodeestudiosmicologicosasturianos.org\\\/#\\\/schema\\\/logo\\\/image\\\/\",\"url\":\"http:\\\/\\\/www.centrodeestudiosmicologicosasturianos.org\\\/wp-content\\\/uploads\\\/2018\\\/05\\\/0011.jpg\",\"contentUrl\":\"http:\\\/\\\/www.centrodeestudiosmicologicosasturianos.org\\\/wp-content\\\/uploads\\\/2018\\\/05\\\/0011.jpg\",\"width\":200,\"height\":133,\"caption\":\"Centro de estudios micol\u00f3gicos asturianos\"},\"image\":{\"@id\":\"https:\\\/\\\/www.centrodeestudiosmicologicosasturianos.org\\\/#\\\/schema\\\/logo\\\/image\\\/\"},\"sameAs\":[\"https:\\\/\\\/www.facebook.com\\\/Centro-de-estudios-micol\u00f3gicos-asturianos-1971903719797261\\\/?modal=admin_todo_tour\",\"https:\\\/\\\/www.youtube.com\\\/channel\\\/UCYK4Yp2SmHbBgJd2LJXmMeg?view_as=subscriber\"]},{\"@type\":\"Person\",\"@id\":\"https:\\\/\\\/www.centrodeestudiosmicologicosasturianos.org\\\/#\\\/schema\\\/person\\\/eb578bfc3200c2f01f538f9dc92acd9d\",\"name\":\"Enrique Rubio Dom\u00ednguez\",\"image\":{\"@type\":\"ImageObject\",\"inLanguage\":\"es\",\"@id\":\"https:\\\/\\\/secure.gravatar.com\\\/avatar\\\/1ca1846e3e1ed6b75443dc30a68a965f4f489959e8569da444d43bf8140688a8?s=96&d=mm&r=g\",\"url\":\"https:\\\/\\\/secure.gravatar.com\\\/avatar\\\/1ca1846e3e1ed6b75443dc30a68a965f4f489959e8569da444d43bf8140688a8?s=96&d=mm&r=g\",\"contentUrl\":\"https:\\\/\\\/secure.gravatar.com\\\/avatar\\\/1ca1846e3e1ed6b75443dc30a68a965f4f489959e8569da444d43bf8140688a8?s=96&d=mm&r=g\",\"caption\":\"Enrique Rubio Dom\u00ednguez\"},\"url\":\"https:\\\/\\\/www.centrodeestudiosmicologicosasturianos.org\\\/?author=2\"}]}<\/script>\n<!-- \/ Yoast SEO plugin. -->","yoast_head_json":{"title":"Clavaria incarnata  Weinm. &#8226; CEMAS Orden Cantharellales, Basidiomycota","description":"Clavaria incarnata, Orden Cantharellales, Basidiomycota, Gij\u00f3n, Jard\u00edn Bot\u00e1nico Atl\u00e1ntico (Asturias), 12-XII-2018, en un talud h\u00famedo y sombr\u00edo bajo","robots":{"index":"index","follow":"follow","max-snippet":"max-snippet:-1","max-image-preview":"max-image-preview:large","max-video-preview":"max-video-preview:-1"},"canonical":"https:\/\/www.centrodeestudiosmicologicosasturianos.org\/?p=13674","og_locale":"es_ES","og_type":"article","og_title":"Clavaria incarnata  Weinm. &#8226; CEMAS Orden Cantharellales, Basidiomycota","og_description":"Clavaria incarnata, Orden Cantharellales, Basidiomycota, Gij\u00f3n, Jard\u00edn Bot\u00e1nico Atl\u00e1ntico (Asturias), 12-XII-2018, en un talud h\u00famedo y sombr\u00edo bajo","og_url":"https:\/\/www.centrodeestudiosmicologicosasturianos.org\/?p=13674","og_site_name":"CEMAS","article_publisher":"https:\/\/www.facebook.com\/Centro-de-estudios-micol%c3%b3gicos-asturianos-1971903719797261\/?modal=admin_todo_tour","article_published_time":"2018-12-14T12:29:06+00:00","article_modified_time":"2020-04-30T19:29:58+00:00","og_image":[{"width":945,"height":669,"url":"https:\/\/www.centrodeestudiosmicologicosasturianos.org\/wp-content\/uploads\/2018\/12\/Clavaria-incarnata.-Gij\u00f3n-Jard\u00edn-Bot\u00e1nico-Atl\u00e1ntico-23-XI-2013-suelo-musgoso.jpg","type":"image\/jpeg"}],"author":"Enrique Rubio Dom\u00ednguez","twitter_card":"summary_large_image","twitter_misc":{"Escrito por":"Enrique Rubio Dom\u00ednguez","Tiempo de lectura":"1 minuto"},"schema":{"@context":"https:\/\/schema.org","@graph":[{"@type":"Article","@id":"https:\/\/www.centrodeestudiosmicologicosasturianos.org\/?p=13674#article","isPartOf":{"@id":"https:\/\/www.centrodeestudiosmicologicosasturianos.org\/?p=13674"},"author":{"name":"Enrique Rubio Dom\u00ednguez","@id":"https:\/\/www.centrodeestudiosmicologicosasturianos.org\/#\/schema\/person\/eb578bfc3200c2f01f538f9dc92acd9d"},"headline":"Clavaria incarnata Weinm.","datePublished":"2018-12-14T12:29:06+00:00","dateModified":"2020-04-30T19:29:58+00:00","mainEntityOfPage":{"@id":"https:\/\/www.centrodeestudiosmicologicosasturianos.org\/?p=13674"},"wordCount":114,"publisher":{"@id":"https:\/\/www.centrodeestudiosmicologicosasturianos.org\/#organization"},"image":{"@id":"https:\/\/www.centrodeestudiosmicologicosasturianos.org\/?p=13674#primaryimage"},"thumbnailUrl":"https:\/\/www.centrodeestudiosmicologicosasturianos.org\/wp-content\/uploads\/2018\/12\/Clavaria-incarnata.-Gij\u00f3n-Jard\u00edn-Bot\u00e1nico-Atl\u00e1ntico-23-XI-2013-suelo-musgoso.jpg","keywords":["G\u00e9nero Clavaria"],"articleSection":["Basidiomycota","Clase Agaricomycetes","Orden Cantharellales"],"inLanguage":"es"},{"@type":"WebPage","@id":"https:\/\/www.centrodeestudiosmicologicosasturianos.org\/?p=13674","url":"https:\/\/www.centrodeestudiosmicologicosasturianos.org\/?p=13674","name":"Clavaria incarnata Weinm. &#8226; CEMAS Orden Cantharellales, Basidiomycota","isPartOf":{"@id":"https:\/\/www.centrodeestudiosmicologicosasturianos.org\/#website"},"primaryImageOfPage":{"@id":"https:\/\/www.centrodeestudiosmicologicosasturianos.org\/?p=13674#primaryimage"},"image":{"@id":"https:\/\/www.centrodeestudiosmicologicosasturianos.org\/?p=13674#primaryimage"},"thumbnailUrl":"https:\/\/www.centrodeestudiosmicologicosasturianos.org\/wp-content\/uploads\/2018\/12\/Clavaria-incarnata.-Gij\u00f3n-Jard\u00edn-Bot\u00e1nico-Atl\u00e1ntico-23-XI-2013-suelo-musgoso.jpg","datePublished":"2018-12-14T12:29:06+00:00","dateModified":"2020-04-30T19:29:58+00:00","description":"Clavaria incarnata, Orden Cantharellales, Basidiomycota, Gij\u00f3n, Jard\u00edn Bot\u00e1nico Atl\u00e1ntico (Asturias), 12-XII-2018, en un talud h\u00famedo y sombr\u00edo bajo","breadcrumb":{"@id":"https:\/\/www.centrodeestudiosmicologicosasturianos.org\/?p=13674#breadcrumb"},"inLanguage":"es","potentialAction":[{"@type":"ReadAction","target":["https:\/\/www.centrodeestudiosmicologicosasturianos.org\/?p=13674"]}]},{"@type":"ImageObject","inLanguage":"es","@id":"https:\/\/www.centrodeestudiosmicologicosasturianos.org\/?p=13674#primaryimage","url":"https:\/\/www.centrodeestudiosmicologicosasturianos.org\/wp-content\/uploads\/2018\/12\/Clavaria-incarnata.-Gij\u00f3n-Jard\u00edn-Bot\u00e1nico-Atl\u00e1ntico-23-XI-2013-suelo-musgoso.jpg","contentUrl":"https:\/\/www.centrodeestudiosmicologicosasturianos.org\/wp-content\/uploads\/2018\/12\/Clavaria-incarnata.-Gij\u00f3n-Jard\u00edn-Bot\u00e1nico-Atl\u00e1ntico-23-XI-2013-suelo-musgoso.jpg","width":945,"height":669,"caption":"Clavaria incarnata . Foto: Enrique Rubio."},{"@type":"BreadcrumbList","@id":"https:\/\/www.centrodeestudiosmicologicosasturianos.org\/?p=13674#breadcrumb","itemListElement":[{"@type":"ListItem","position":1,"name":"Portada","item":"https:\/\/www.centrodeestudiosmicologicosasturianos.org\/"},{"@type":"ListItem","position":2,"name":"Clavaria incarnata Weinm."}]},{"@type":"WebSite","@id":"https:\/\/www.centrodeestudiosmicologicosasturianos.org\/#website","url":"https:\/\/www.centrodeestudiosmicologicosasturianos.org\/","name":"CEMAS","description":"Asociaci\u00f3n cultural","publisher":{"@id":"https:\/\/www.centrodeestudiosmicologicosasturianos.org\/#organization"},"potentialAction":[{"@type":"SearchAction","target":{"@type":"EntryPoint","urlTemplate":"https:\/\/www.centrodeestudiosmicologicosasturianos.org\/?s={search_term_string}"},"query-input":{"@type":"PropertyValueSpecification","valueRequired":true,"valueName":"search_term_string"}}],"inLanguage":"es"},{"@type":"Organization","@id":"https:\/\/www.centrodeestudiosmicologicosasturianos.org\/#organization","name":"Centro de estudios micol\u00f3gicos asturianos","url":"https:\/\/www.centrodeestudiosmicologicosasturianos.org\/","logo":{"@type":"ImageObject","inLanguage":"es","@id":"https:\/\/www.centrodeestudiosmicologicosasturianos.org\/#\/schema\/logo\/image\/","url":"http:\/\/www.centrodeestudiosmicologicosasturianos.org\/wp-content\/uploads\/2018\/05\/0011.jpg","contentUrl":"http:\/\/www.centrodeestudiosmicologicosasturianos.org\/wp-content\/uploads\/2018\/05\/0011.jpg","width":200,"height":133,"caption":"Centro de estudios micol\u00f3gicos asturianos"},"image":{"@id":"https:\/\/www.centrodeestudiosmicologicosasturianos.org\/#\/schema\/logo\/image\/"},"sameAs":["https:\/\/www.facebook.com\/Centro-de-estudios-micol\u00f3gicos-asturianos-1971903719797261\/?modal=admin_todo_tour","https:\/\/www.youtube.com\/channel\/UCYK4Yp2SmHbBgJd2LJXmMeg?view_as=subscriber"]},{"@type":"Person","@id":"https:\/\/www.centrodeestudiosmicologicosasturianos.org\/#\/schema\/person\/eb578bfc3200c2f01f538f9dc92acd9d","name":"Enrique Rubio Dom\u00ednguez","image":{"@type":"ImageObject","inLanguage":"es","@id":"https:\/\/secure.gravatar.com\/avatar\/1ca1846e3e1ed6b75443dc30a68a965f4f489959e8569da444d43bf8140688a8?s=96&d=mm&r=g","url":"https:\/\/secure.gravatar.com\/avatar\/1ca1846e3e1ed6b75443dc30a68a965f4f489959e8569da444d43bf8140688a8?s=96&d=mm&r=g","contentUrl":"https:\/\/secure.gravatar.com\/avatar\/1ca1846e3e1ed6b75443dc30a68a965f4f489959e8569da444d43bf8140688a8?s=96&d=mm&r=g","caption":"Enrique Rubio Dom\u00ednguez"},"url":"https:\/\/www.centrodeestudiosmicologicosasturianos.org\/?author=2"}]}},"_links":{"self":[{"href":"https:\/\/www.centrodeestudiosmicologicosasturianos.org\/index.php?rest_route=\/wp\/v2\/posts\/13674","targetHints":{"allow":["GET"]}}],"collection":[{"href":"https:\/\/www.centrodeestudiosmicologicosasturianos.org\/index.php?rest_route=\/wp\/v2\/posts"}],"about":[{"href":"https:\/\/www.centrodeestudiosmicologicosasturianos.org\/index.php?rest_route=\/wp\/v2\/types\/post"}],"author":[{"embeddable":true,"href":"https:\/\/www.centrodeestudiosmicologicosasturianos.org\/index.php?rest_route=\/wp\/v2\/users\/2"}],"replies":[{"embeddable":true,"href":"https:\/\/www.centrodeestudiosmicologicosasturianos.org\/index.php?rest_route=%2Fwp%2Fv2%2Fcomments&post=13674"}],"version-history":[{"count":0,"href":"https:\/\/www.centrodeestudiosmicologicosasturianos.org\/index.php?rest_route=\/wp\/v2\/posts\/13674\/revisions"}],"wp:featuredmedia":[{"embeddable":true,"href":"https:\/\/www.centrodeestudiosmicologicosasturianos.org\/index.php?rest_route=\/wp\/v2\/media\/13676"}],"wp:attachment":[{"href":"https:\/\/www.centrodeestudiosmicologicosasturianos.org\/index.php?rest_route=%2Fwp%2Fv2%2Fmedia&parent=13674"}],"wp:term":[{"taxonomy":"category","embeddable":true,"href":"https:\/\/www.centrodeestudiosmicologicosasturianos.org\/index.php?rest_route=%2Fwp%2Fv2%2Fcategories&post=13674"},{"taxonomy":"post_tag","embeddable":true,"href":"https:\/\/www.centrodeestudiosmicologicosasturianos.org\/index.php?rest_route=%2Fwp%2Fv2%2Ftags&post=13674"}],"curies":[{"name":"wp","href":"https:\/\/api.w.org\/{rel}","templated":true}]}}